{"id":18436,"date":"2024-09-10T08:15:57","date_gmt":"2024-09-10T11:15:57","guid":{"rendered":"http:\/\/zoomproducciones.com.ar\/zoomp\/?p=18436"},"modified":"2024-09-10T08:15:57","modified_gmt":"2024-09-10T11:15:57","slug":"diputados-se-preparan-para-la-batalla-por-el-veto-a-la-reforma-jubilatoria-oficialismo-busca-bloquear-la-sesion","status":"publish","type":"post","link":"https:\/\/zoomproducciones.com.ar\/zoomp\/diputados-se-preparan-para-la-batalla-por-el-veto-a-la-reforma-jubilatoria-oficialismo-busca-bloquear-la-sesion\/","title":{"rendered":"Diputados se preparan para la batalla por el veto a la reforma jubilatoria: oficialismo busca bloquear la sesi\u00f3n"},"content":{"rendered":"\n<p>Este mi\u00e9rcoles, la C\u00e1mara de Diputados se enfrentar\u00e1 a una crucial sesi\u00f3n para decidir si rechaza el veto presidencial al aumento de las jubilaciones. El oficialismo busca bloquear la sesi\u00f3n, mientras que la oposici\u00f3n, liderada por la UCR, Encuentro Federal y la Coalici\u00f3n C\u00edvica, presiona para que se concrete la votaci\u00f3n.<\/p>\n\n\n\n<p>La convocatoria a la sesi\u00f3n fue confirmada por el presidente de la C\u00e1mara, Mart\u00edn Menem, tras una reuni\u00f3n en Casa Rosada con la secretaria general de la Presidencia, Karina Milei, y los bloques de la Libertad Avanza, el PRO y el MID.<\/p>\n\n\n\n<p>El oficialismo, con el apoyo del PRO, el MID y bloques menores, cuenta con cerca de 80 diputados y busca evitar la votaci\u00f3n para mantener el veto presidencial.<\/p>\n\n\n\n<p>La oposici\u00f3n, por su parte, necesita dos tercios de los diputados presentes para rechazar el veto. Si bien la UCR, Encuentro Federal y la Coalici\u00f3n C\u00edvica se esfuerzan por tener la mayor\u00eda de sus legisladores en el recinto, enfrentan dificultades, principalmente dentro del bloque radical, donde se estima que siete u ocho diputados podr\u00edan ausentarse.<\/p>\n\n\n\n<p>La Libertad Avanza, el PRO y el MID, con 77 diputados en total, buscan sumar a otros legisladores de bloques menores para alcanzar el n\u00famero necesario.<\/p>\n\n\n\n<p>El presidente del bloque del PRO, Cristian Ritondo, cuestion\u00f3 uno de los art\u00edculos de la ley sancionada, que establece el pago a las Cajas previsionales provinciales por parte de la Naci\u00f3n, y lo calific\u00f3 de \u00abirresponsabilidad absoluta\u00bb.<\/p>\n\n\n\n<p>La batalla por el veto se intensifica, con ambos bandos buscando asegurar la mayor\u00eda en la crucial sesi\u00f3n del mi\u00e9rcoles.<\/p>\n","protected":false},"excerpt":{"rendered":"<p>Este mi\u00e9rcoles, la C\u00e1mara de Diputados se enfrentar\u00e1 a una crucial sesi\u00f3n para decidir si rechaza el veto presidencial al aumento de las jubilaciones. El oficialismo busca bloquear la sesi\u00f3n, mientras que la oposici\u00f3n, liderada por la UCR, Encuentro Federal y la Coalici\u00f3n C\u00edvica, presiona para que se concrete la votaci\u00f3n. La convocatoria a la [&hellip;]<\/p>\n","protected":false},"author":2,"featured_media":18290,"comment_status":"closed","ping_status":"open","sticky":false,"template":"","format":"standard","meta":{"footnotes":""},"categories":[8],"tags":[511],"class_list":{"0":"post-18436","1":"post","2":"type-post","3":"status-publish","4":"format-standard","5":"has-post-thumbnail","7":"category-nacionales","8":"tag-bloque-2"},"_links":{"self":[{"href":"https:\/\/zoomproducciones.com.ar\/zoomp\/wp-json\/wp\/v2\/posts\/18436","targetHints":{"allow":["GET"]}}],"collection":[{"href":"https:\/\/zoomproducciones.com.ar\/zoomp\/wp-json\/wp\/v2\/posts"}],"about":[{"href":"https:\/\/zoomproducciones.com.ar\/zoomp\/wp-json\/wp\/v2\/types\/post"}],"author":[{"embeddable":true,"href":"https:\/\/zoomproducciones.com.ar\/zoomp\/wp-json\/wp\/v2\/users\/2"}],"replies":[{"embeddable":true,"href":"https:\/\/zoomproducciones.com.ar\/zoomp\/wp-json\/wp\/v2\/comments?post=18436"}],"version-history":[{"count":1,"href":"https:\/\/zoomproducciones.com.ar\/zoomp\/wp-json\/wp\/v2\/posts\/18436\/revisions"}],"predecessor-version":[{"id":18440,"href":"https:\/\/zoomproducciones.com.ar\/zoomp\/wp-json\/wp\/v2\/posts\/18436\/revisions\/18440"}],"wp:featuredmedia":[{"embeddable":true,"href":"https:\/\/zoomproducciones.com.ar\/zoomp\/wp-json\/wp\/v2\/media\/18290"}],"wp:attachment":[{"href":"https:\/\/zoomproducciones.com.ar\/zoomp\/wp-json\/wp\/v2\/media?parent=18436"}],"wp:term":[{"taxonomy":"category","embeddable":true,"href":"https:\/\/zoomproducciones.com.ar\/zoomp\/wp-json\/wp\/v2\/categories?post=18436"},{"taxonomy":"post_tag","embeddable":true,"href":"https:\/\/zoomproducciones.com.ar\/zoomp\/wp-json\/wp\/v2\/tags?post=18436"}],"curies":[{"name":"wp","href":"https:\/\/api.w.org\/{rel}","templated":true}]}}