{"id":18426,"date":"2024-09-10T07:57:10","date_gmt":"2024-09-10T10:57:10","guid":{"rendered":"http:\/\/zoomproducciones.com.ar\/zoomp\/?p=18426"},"modified":"2024-09-10T07:57:11","modified_gmt":"2024-09-10T10:57:11","slug":"valdes-refuta-a-francos-sobre-deuda-de-anses-con-corrientes-y-exige-que-se-presente-en-la-corte","status":"publish","type":"post","link":"https:\/\/zoomproducciones.com.ar\/zoomp\/valdes-refuta-a-francos-sobre-deuda-de-anses-con-corrientes-y-exige-que-se-presente-en-la-corte\/","title":{"rendered":"Vald\u00e9s refuta a Francos sobre deuda de Anses con Corrientes y exige que se presente en la Corte"},"content":{"rendered":"\n<p>El gobernador de Corrientes, Gustavo Vald\u00e9s, sali\u00f3 al cruce de las declaraciones del jefe de Gabinete, Guillermo Francos, quien afirm\u00f3 que la Anses no tiene deuda con la provincia. Vald\u00e9s asegur\u00f3 que Francos \u00absabe que debe\u00bb y que la administraci\u00f3n lo reconoce, ya que incluso se reunieron el administrador del IPS y el de la Anses.<\/p>\n\n\n\n<p>\u00abPor lo visto, el ministro Francos no est\u00e1 informado. Tiene que mirar la demanda que tenemos en la Corte. Si considera eso, que se presente ante la Corte Suprema de Justicia de la Naci\u00f3n y ah\u00ed vamos a debatir qu\u00e9 le debe y qu\u00e9 no le debe\u00bb, afirm\u00f3 Vald\u00e9s durante la inauguraci\u00f3n de obras en El Sombrero.<\/p>\n\n\n\n<p>El mandatario provincial se refiri\u00f3 a la demanda judicial que Corrientes present\u00f3 contra la Anses por una deuda que consideran impaga, seg\u00fan los convenios celebrados. Vald\u00e9s insisti\u00f3 en que \u00ablos n\u00fameros son claros y deber\u00edan reconocerlos\u00bb.<\/p>\n\n\n\n<p>En cuanto a las obras en la autov\u00eda 12, Vald\u00e9s se limit\u00f3 a decir: \u00abSin novedades\u00bb.<\/p>\n\n\n\n<p>El Litoral.<\/p>\n","protected":false},"excerpt":{"rendered":"<p>El gobernador de Corrientes, Gustavo Vald\u00e9s, sali\u00f3 al cruce de las declaraciones del jefe de Gabinete, Guillermo Francos, quien afirm\u00f3 que la Anses no tiene deuda con la provincia. Vald\u00e9s asegur\u00f3 que Francos \u00absabe que debe\u00bb y que la administraci\u00f3n lo reconoce, ya que incluso se reunieron el administrador del IPS y el de la [&hellip;]<\/p>\n","protected":false},"author":2,"featured_media":18427,"comment_status":"closed","ping_status":"open","sticky":false,"template":"","format":"standard","meta":{"footnotes":""},"categories":[3],"tags":[42],"class_list":{"0":"post-18426","1":"post","2":"type-post","3":"status-publish","4":"format-standard","5":"has-post-thumbnail","7":"category-provinciales","8":"tag-featured"},"_links":{"self":[{"href":"https:\/\/zoomproducciones.com.ar\/zoomp\/wp-json\/wp\/v2\/posts\/18426","targetHints":{"allow":["GET"]}}],"collection":[{"href":"https:\/\/zoomproducciones.com.ar\/zoomp\/wp-json\/wp\/v2\/posts"}],"about":[{"href":"https:\/\/zoomproducciones.com.ar\/zoomp\/wp-json\/wp\/v2\/types\/post"}],"author":[{"embeddable":true,"href":"https:\/\/zoomproducciones.com.ar\/zoomp\/wp-json\/wp\/v2\/users\/2"}],"replies":[{"embeddable":true,"href":"https:\/\/zoomproducciones.com.ar\/zoomp\/wp-json\/wp\/v2\/comments?post=18426"}],"version-history":[{"count":1,"href":"https:\/\/zoomproducciones.com.ar\/zoomp\/wp-json\/wp\/v2\/posts\/18426\/revisions"}],"predecessor-version":[{"id":18433,"href":"https:\/\/zoomproducciones.com.ar\/zoomp\/wp-json\/wp\/v2\/posts\/18426\/revisions\/18433"}],"wp:featuredmedia":[{"embeddable":true,"href":"https:\/\/zoomproducciones.com.ar\/zoomp\/wp-json\/wp\/v2\/media\/18427"}],"wp:attachment":[{"href":"https:\/\/zoomproducciones.com.ar\/zoomp\/wp-json\/wp\/v2\/media?parent=18426"}],"wp:term":[{"taxonomy":"category","embeddable":true,"href":"https:\/\/zoomproducciones.com.ar\/zoomp\/wp-json\/wp\/v2\/categories?post=18426"},{"taxonomy":"post_tag","embeddable":true,"href":"https:\/\/zoomproducciones.com.ar\/zoomp\/wp-json\/wp\/v2\/tags?post=18426"}],"curies":[{"name":"wp","href":"https:\/\/api.w.org\/{rel}","templated":true}]}}