{"id":1842,"date":"2022-11-24T09:27:32","date_gmt":"2022-11-24T12:27:32","guid":{"rendered":"http:\/\/zoomproducciones.com.ar\/zoomp\/?p=1842"},"modified":"2022-11-24T09:27:33","modified_gmt":"2022-11-24T12:27:33","slug":"carnaval-2023-manana-se-sortea-el-orden-de-desfile-de-las-instituciones","status":"publish","type":"post","link":"https:\/\/zoomproducciones.com.ar\/zoomp\/carnaval-2023-manana-se-sortea-el-orden-de-desfile-de-las-instituciones\/","title":{"rendered":"Carnaval 2023: ma\u00f1ana se sortea el orden de desfile de las instituciones"},"content":{"rendered":"\n<p> <p>El gran lanzamiento del Carnaval de la Frontera 2023 ser\u00e1 este viernes 25 en Plaza Bicentenario (B\u00b0 Ca\u00e1 Guaz\u00fa). En el evento se sortear\u00e1 el orden de desfile de los grupos Popular y Especial; adem\u00e1s de contar con shows de las instituciones. La jornada comenzar\u00e1 a las 20:00 hs, con entrada libre y gratuita. <\/p><p>Este viernes 25 de noviembre se sortear\u00e1 el orden de desfile tanto para las comparsas del Grupo Popular como el Especial. Adem\u00e1s habr\u00e1 show de comparsas de las instituciones: Catamarca, Armon\u00eda Del Samba, Renacer Libre\u00f1o, Imperatriz, Esplendor, Bella Flor, Tradici\u00f3n, Zum Zum y Carumb\u00e9<\/p><p>El evento se llevar\u00e1 a cabo en Plaza Bicentenario, a las 20 horas con entrada libre y gratuita.<\/p> <\/p>\n","protected":false},"excerpt":{"rendered":"<p>El gran lanzamiento del Carnaval de la Frontera 2023 ser\u00e1 este viernes 25 en Plaza Bicentenario (B\u00b0 Ca\u00e1 Guaz\u00fa). En el evento se sortear\u00e1 el orden de desfile de los grupos Popular y Especial; adem\u00e1s de contar con shows de las instituciones. La jornada comenzar\u00e1 a las 20:00 hs, con entrada libre y gratuita. Este [&hellip;]<\/p>\n","protected":false},"author":2,"featured_media":0,"comment_status":"closed","ping_status":"open","sticky":false,"template":"","format":"standard","meta":{"footnotes":""},"categories":[195],"tags":[140,192,42,116,202],"class_list":{"0":"post-1842","1":"post","2":"type-post","3":"status-publish","4":"format-standard","6":"category-carnaval","7":"tag-carnaval-2023","8":"tag-carumbe","9":"tag-featured","10":"tag-paso-de-los-libres","11":"tag-zum-zum"},"_links":{"self":[{"href":"https:\/\/zoomproducciones.com.ar\/zoomp\/wp-json\/wp\/v2\/posts\/1842","targetHints":{"allow":["GET"]}}],"collection":[{"href":"https:\/\/zoomproducciones.com.ar\/zoomp\/wp-json\/wp\/v2\/posts"}],"about":[{"href":"https:\/\/zoomproducciones.com.ar\/zoomp\/wp-json\/wp\/v2\/types\/post"}],"author":[{"embeddable":true,"href":"https:\/\/zoomproducciones.com.ar\/zoomp\/wp-json\/wp\/v2\/users\/2"}],"replies":[{"embeddable":true,"href":"https:\/\/zoomproducciones.com.ar\/zoomp\/wp-json\/wp\/v2\/comments?post=1842"}],"version-history":[{"count":1,"href":"https:\/\/zoomproducciones.com.ar\/zoomp\/wp-json\/wp\/v2\/posts\/1842\/revisions"}],"predecessor-version":[{"id":1844,"href":"https:\/\/zoomproducciones.com.ar\/zoomp\/wp-json\/wp\/v2\/posts\/1842\/revisions\/1844"}],"wp:attachment":[{"href":"https:\/\/zoomproducciones.com.ar\/zoomp\/wp-json\/wp\/v2\/media?parent=1842"}],"wp:term":[{"taxonomy":"category","embeddable":true,"href":"https:\/\/zoomproducciones.com.ar\/zoomp\/wp-json\/wp\/v2\/categories?post=1842"},{"taxonomy":"post_tag","embeddable":true,"href":"https:\/\/zoomproducciones.com.ar\/zoomp\/wp-json\/wp\/v2\/tags?post=1842"}],"curies":[{"name":"wp","href":"https:\/\/api.w.org\/{rel}","templated":true}]}}