{"id":18419,"date":"2024-09-09T08:59:47","date_gmt":"2024-09-09T11:59:47","guid":{"rendered":"http:\/\/zoomproducciones.com.ar\/zoomp\/?p=18419"},"modified":"2024-09-09T08:59:47","modified_gmt":"2024-09-09T11:59:47","slug":"luego-de-presentar-su-enredo-zum-zum-dara-a-conocer-los-nombres-de-sus-soberanas-2025","status":"publish","type":"post","link":"https:\/\/zoomproducciones.com.ar\/zoomp\/luego-de-presentar-su-enredo-zum-zum-dara-a-conocer-los-nombres-de-sus-soberanas-2025\/","title":{"rendered":"Luego de presentar su Enredo, Zum Zum dar\u00e1 a conocer los nombres de sus soberanas 2025"},"content":{"rendered":"\n<p>La Comparsa Zum Zum inform\u00f3 v\u00eda redes sociales que este lunes, a las 19:30 hs, presentar\u00e1n a las soberanas que representar\u00e1n al \u00e1guila en el Carnaval 2025. \u00bbEstate atento a nuestras redes sociales para conocer a las soberanas que tendr\u00e1n el orgullo de representar a Zum Zum en sus gloriosos 70 a\u00f1os\u00bb expresaron.<\/p>\n\n\n\n<p>Tambi\u00e9n este fin de semana la instituci\u00f3n present\u00f3 su Enredo 2025 llamado \u00bbLegado Eterno\u00bb:<\/p>\n\n\n\n<p>Naciste entre nosotros, tus hijos, tus aguilas.. <br>Conexion entre las raices , futuro en expansi\u00f3n.<br>Vanguardia y creatividad que nos cria.<br>Innovaci\u00f3n que nos alimenta.<\/p>\n\n\n\n<p>Resiliencia que nos ense\u00f1a.<br>Vos que sos un joven, donde tu mundo es el carnaval, tu sinapsis cosmica brillara. <\/p>\n\n\n\n<p>Viajero del tiempo , que supiste evolucionar, con tu ADN verde y blanco glorioso que trajiste para triunfar.<\/p>\n\n\n\n<p>Nos mostraste esa constelacion y la supimos apreciar , en aquel equilibrio magico entendimos que<br>por mas que Somos agua y aceite , nos vamos a complementar!<\/p>\n\n\n\n<p>Vuela en mi eterno viaje \u2026 vuela vuela mi aguila triunfal\u2026<br>Hoy la avenida va a festejar los 70 a\u00f1os de tu Legado Eterno que nos dejas&#8230;<\/p>\n","protected":false},"excerpt":{"rendered":"<p>La Comparsa Zum Zum inform\u00f3 v\u00eda redes sociales que este lunes, a las 19:30 hs, presentar\u00e1n a las soberanas que representar\u00e1n al \u00e1guila en el Carnaval 2025. \u00bbEstate atento a nuestras redes sociales para conocer a las soberanas que tendr\u00e1n el orgullo de representar a Zum Zum en sus gloriosos 70 a\u00f1os\u00bb expresaron. Tambi\u00e9n este [&hellip;]<\/p>\n","protected":false},"author":2,"featured_media":18421,"comment_status":"closed","ping_status":"open","sticky":false,"template":"","format":"standard","meta":{"footnotes":""},"categories":[5],"tags":[511],"class_list":{"0":"post-18419","1":"post","2":"type-post","3":"status-publish","4":"format-standard","5":"has-post-thumbnail","7":"category-locales","8":"tag-bloque-2"},"_links":{"self":[{"href":"https:\/\/zoomproducciones.com.ar\/zoomp\/wp-json\/wp\/v2\/posts\/18419","targetHints":{"allow":["GET"]}}],"collection":[{"href":"https:\/\/zoomproducciones.com.ar\/zoomp\/wp-json\/wp\/v2\/posts"}],"about":[{"href":"https:\/\/zoomproducciones.com.ar\/zoomp\/wp-json\/wp\/v2\/types\/post"}],"author":[{"embeddable":true,"href":"https:\/\/zoomproducciones.com.ar\/zoomp\/wp-json\/wp\/v2\/users\/2"}],"replies":[{"embeddable":true,"href":"https:\/\/zoomproducciones.com.ar\/zoomp\/wp-json\/wp\/v2\/comments?post=18419"}],"version-history":[{"count":1,"href":"https:\/\/zoomproducciones.com.ar\/zoomp\/wp-json\/wp\/v2\/posts\/18419\/revisions"}],"predecessor-version":[{"id":18424,"href":"https:\/\/zoomproducciones.com.ar\/zoomp\/wp-json\/wp\/v2\/posts\/18419\/revisions\/18424"}],"wp:featuredmedia":[{"embeddable":true,"href":"https:\/\/zoomproducciones.com.ar\/zoomp\/wp-json\/wp\/v2\/media\/18421"}],"wp:attachment":[{"href":"https:\/\/zoomproducciones.com.ar\/zoomp\/wp-json\/wp\/v2\/media?parent=18419"}],"wp:term":[{"taxonomy":"category","embeddable":true,"href":"https:\/\/zoomproducciones.com.ar\/zoomp\/wp-json\/wp\/v2\/categories?post=18419"},{"taxonomy":"post_tag","embeddable":true,"href":"https:\/\/zoomproducciones.com.ar\/zoomp\/wp-json\/wp\/v2\/tags?post=18419"}],"curies":[{"name":"wp","href":"https:\/\/api.w.org\/{rel}","templated":true}]}}