{"id":18403,"date":"2024-09-09T08:38:57","date_gmt":"2024-09-09T11:38:57","guid":{"rendered":"http:\/\/zoomproducciones.com.ar\/zoomp\/?p=18403"},"modified":"2024-09-09T08:38:58","modified_gmt":"2024-09-09T11:38:58","slug":"comienza-el-juicio-contra-un-funcionario-por-abuso-sexual","status":"publish","type":"post","link":"https:\/\/zoomproducciones.com.ar\/zoomp\/comienza-el-juicio-contra-un-funcionario-por-abuso-sexual\/","title":{"rendered":"Comienza el juicio contra un funcionario por abuso sexual"},"content":{"rendered":"\n<p>El Poder Judicial de Corrientes inform\u00f3 que el pr\u00f3ximo jueves 12 de septiembre comenzar\u00e1 en Goya el juicio contra Guillermo Am\u00e9rico C\u00f3rdoba, funcionario p\u00fablico imputado por delitos de abuso sexual con acceso carnal, coacci\u00f3n, abuso sexual simple y privaci\u00f3n ilegal de la libertad.<\/p>\n\n\n\n<p>Los hechos, que habr\u00edan ocurrido entre 2022 y 2023, involucran a tres mujeres y habr\u00edan sido cometidos en el marco de la actividad de C\u00f3rdoba dentro del Movimiento Evita.<\/p>\n\n\n\n<p>El Tribunal, conformado por los doctores Jorge Antonio Carbone (presidente), Julio Duarte y Ricardo Carbajal, evaluar\u00e1 las pruebas presentadas por la defensa, la querella y los fiscales, as\u00ed como las declaraciones de 24 testigos, para determinar la responsabilidad penal de C\u00f3rdoba.<\/p>\n\n\n\n<p>La defensa estar\u00e1 a cargo del doctor Manuel Federico Sandoval Bennetti, la querella ser\u00e1 representada por Conrado Rudy P\u00e9rez y la acusaci\u00f3n estar\u00e1 a cargo de los fiscales Guillermo Barry y Juan Carlos Castillo.<\/p>\n\n\n\n<p>El Litoral.<\/p>\n","protected":false},"excerpt":{"rendered":"<p>El Poder Judicial de Corrientes inform\u00f3 que el pr\u00f3ximo jueves 12 de septiembre comenzar\u00e1 en Goya el juicio contra Guillermo Am\u00e9rico C\u00f3rdoba, funcionario p\u00fablico imputado por delitos de abuso sexual con acceso carnal, coacci\u00f3n, abuso sexual simple y privaci\u00f3n ilegal de la libertad. Los hechos, que habr\u00edan ocurrido entre 2022 y 2023, involucran a tres [&hellip;]<\/p>\n","protected":false},"author":2,"featured_media":18405,"comment_status":"closed","ping_status":"open","sticky":false,"template":"","format":"standard","meta":{"footnotes":""},"categories":[3],"tags":[511],"class_list":{"0":"post-18403","1":"post","2":"type-post","3":"status-publish","4":"format-standard","5":"has-post-thumbnail","7":"category-provinciales","8":"tag-bloque-2"},"_links":{"self":[{"href":"https:\/\/zoomproducciones.com.ar\/zoomp\/wp-json\/wp\/v2\/posts\/18403","targetHints":{"allow":["GET"]}}],"collection":[{"href":"https:\/\/zoomproducciones.com.ar\/zoomp\/wp-json\/wp\/v2\/posts"}],"about":[{"href":"https:\/\/zoomproducciones.com.ar\/zoomp\/wp-json\/wp\/v2\/types\/post"}],"author":[{"embeddable":true,"href":"https:\/\/zoomproducciones.com.ar\/zoomp\/wp-json\/wp\/v2\/users\/2"}],"replies":[{"embeddable":true,"href":"https:\/\/zoomproducciones.com.ar\/zoomp\/wp-json\/wp\/v2\/comments?post=18403"}],"version-history":[{"count":1,"href":"https:\/\/zoomproducciones.com.ar\/zoomp\/wp-json\/wp\/v2\/posts\/18403\/revisions"}],"predecessor-version":[{"id":18408,"href":"https:\/\/zoomproducciones.com.ar\/zoomp\/wp-json\/wp\/v2\/posts\/18403\/revisions\/18408"}],"wp:featuredmedia":[{"embeddable":true,"href":"https:\/\/zoomproducciones.com.ar\/zoomp\/wp-json\/wp\/v2\/media\/18405"}],"wp:attachment":[{"href":"https:\/\/zoomproducciones.com.ar\/zoomp\/wp-json\/wp\/v2\/media?parent=18403"}],"wp:term":[{"taxonomy":"category","embeddable":true,"href":"https:\/\/zoomproducciones.com.ar\/zoomp\/wp-json\/wp\/v2\/categories?post=18403"},{"taxonomy":"post_tag","embeddable":true,"href":"https:\/\/zoomproducciones.com.ar\/zoomp\/wp-json\/wp\/v2\/tags?post=18403"}],"curies":[{"name":"wp","href":"https:\/\/api.w.org\/{rel}","templated":true}]}}