{"id":1832,"date":"2022-11-23T10:14:57","date_gmt":"2022-11-23T13:14:57","guid":{"rendered":"http:\/\/zoomproducciones.com.ar\/zoomp\/?p=1832"},"modified":"2022-11-23T10:14:59","modified_gmt":"2022-11-23T13:14:59","slug":"norte-grande-el-15-encuentro-se-realiza-en-corrientes","status":"publish","type":"post","link":"https:\/\/zoomproducciones.com.ar\/zoomp\/norte-grande-el-15-encuentro-se-realiza-en-corrientes\/","title":{"rendered":"Norte Grande: el 15\u00b0 encuentro se realiza en Corrientes"},"content":{"rendered":"\n<p>La decimoquinta Asamblea de gobernadores del Norte Grande se llevar\u00e1 a cabo en la Capital Correntina esta ma\u00f1ana. Adem\u00e1s de los mandatarios provinciales y de la regi\u00f3n, llegan a Corrientes cinco ministros nacionales: Juan Manzur; Victoria Tolosa Paz; Wado de Pedro; Santiago Maggiotti; y Gabriel Katopodis. El presidente Alberto Fern\u00e1ndez ha confirmado este martes que no asistir\u00e1.<\/p>\n\n\n\n<p>Norte Grande llevar\u00e1 a cabo una nueva reuni\u00f3n de gobernadores en la Capital de la provincia. Por esa raz\u00f3n, cinco ministros nacionales llegan a Corrientes: el Jefe de Gabinete de Ministros, Juan Manzur;\u00a0la ministra de Desarrollo Social, Victoria Tolosa Paz; el Ministro del Interior, Wado de Pedro;\u00a0el ministro de Desarrollo Territorial\u00a0y H\u00e1bitat,\u00a0\u00a0Santiago\u00a0Maggiotti y el Ministro de Obras P\u00fablicas, Gabriel Katopodis.\u00a0<\/p>\n\n\n\n<p>En un primer momento existi\u00f3 la posibilidad de que Alberto Fern\u00e1ndez llegue a Corrientes, pero en la tarde de este martes ha confirmado que no asistir\u00e1.<\/p>\n\n\n\n<p>Se prev\u00e9 la presencia de los gobernadores de Santiago del Estero y presidente pro t\u00e9mpore, Gerardo Zamora; de Chaco, Jorge Capitanich; de Catamarca, Ra\u00fal Jalil; de Formosa, Gildo Insfr\u00e1n; de Jujuy, Gerardo Morales; de Salta, Gustavo S\u00e1enz; de Tucum\u00e1n, Osvaldo Jaldo; de Misiones, Oscar Herrera Ahuad; y de La Rioja, Ricardo Quintela.<\/p>\n\n\n\n<h2 class=\"wp-block-heading\">Temario:<\/h2>\n\n\n\n<p>El temario de este encuentro propone seguir tratando los temas de transporte; energ\u00eda y corredor bioce\u00e1nico; subsidios al gas; exposici\u00f3n de avances de la Agencia de Comercio Exterior e Inversiones del Norte Grande; Balance de la Misi\u00f3n del Norte Grande a Egipto, decreto 814; campa\u00f1a de promoci\u00f3n en la Costa Atl\u00e1ntica del Norte Grande, ODS: solicitud de creaci\u00f3n de una comisi\u00f3n para elaborar un plan de acci\u00f3n estrat\u00e9gico de abordaje de los ODS de la regi\u00f3n y solicitud a la C\u00e1mara Argentina del Libro.<\/p>\n\n\n\n<h2 class=\"wp-block-heading\">Agenda<\/h2>\n\n\n\n<p>A las 9 estaba previsto el arribo de los gobernadores, quienes desde las 9.30 ser\u00e1n recibidos en el Hotel de Turismo. A las 9.45 los mandatarios posar\u00e1n para la foto oficial, seg\u00fan se inform\u00f3.<\/p>\n\n\n\n<p>A las 10 se concretar\u00e1 la apertura de la Asamblea de Gobernadores del Norte Grande Argentino y las deliberaciones se extender\u00e1n hasta las 13, momento en el cual se ofrecer\u00e1 una conferencia de prensa, en tanto a las 14 habr\u00e1 un almuerzo protocolar como cierre del programa.<\/p>\n","protected":false},"excerpt":{"rendered":"<p>La decimoquinta Asamblea de gobernadores del Norte Grande se llevar\u00e1 a cabo en la Capital Correntina esta ma\u00f1ana. Adem\u00e1s de los mandatarios provinciales y de la regi\u00f3n, llegan a Corrientes cinco ministros nacionales: Juan Manzur; Victoria Tolosa Paz; Wado de Pedro; Santiago Maggiotti; y Gabriel Katopodis. El presidente Alberto Fern\u00e1ndez ha confirmado este martes que [&hellip;]<\/p>\n","protected":false},"author":2,"featured_media":0,"comment_status":"closed","ping_status":"open","sticky":false,"template":"","format":"standard","meta":{"footnotes":""},"categories":[3],"tags":[125,42,113,123,242],"class_list":{"0":"post-1832","1":"post","2":"type-post","3":"status-publish","4":"format-standard","6":"category-provinciales","7":"tag-corrientes","8":"tag-featured","9":"tag-gobierno-provincial","10":"tag-gustavo-valdes","11":"tag-norte-grand"},"_links":{"self":[{"href":"https:\/\/zoomproducciones.com.ar\/zoomp\/wp-json\/wp\/v2\/posts\/1832","targetHints":{"allow":["GET"]}}],"collection":[{"href":"https:\/\/zoomproducciones.com.ar\/zoomp\/wp-json\/wp\/v2\/posts"}],"about":[{"href":"https:\/\/zoomproducciones.com.ar\/zoomp\/wp-json\/wp\/v2\/types\/post"}],"author":[{"embeddable":true,"href":"https:\/\/zoomproducciones.com.ar\/zoomp\/wp-json\/wp\/v2\/users\/2"}],"replies":[{"embeddable":true,"href":"https:\/\/zoomproducciones.com.ar\/zoomp\/wp-json\/wp\/v2\/comments?post=1832"}],"version-history":[{"count":1,"href":"https:\/\/zoomproducciones.com.ar\/zoomp\/wp-json\/wp\/v2\/posts\/1832\/revisions"}],"predecessor-version":[{"id":1835,"href":"https:\/\/zoomproducciones.com.ar\/zoomp\/wp-json\/wp\/v2\/posts\/1832\/revisions\/1835"}],"wp:attachment":[{"href":"https:\/\/zoomproducciones.com.ar\/zoomp\/wp-json\/wp\/v2\/media?parent=1832"}],"wp:term":[{"taxonomy":"category","embeddable":true,"href":"https:\/\/zoomproducciones.com.ar\/zoomp\/wp-json\/wp\/v2\/categories?post=1832"},{"taxonomy":"post_tag","embeddable":true,"href":"https:\/\/zoomproducciones.com.ar\/zoomp\/wp-json\/wp\/v2\/tags?post=1832"}],"curies":[{"name":"wp","href":"https:\/\/api.w.org\/{rel}","templated":true}]}}