{"id":18250,"date":"2024-09-02T08:38:44","date_gmt":"2024-09-02T11:38:44","guid":{"rendered":"http:\/\/zoomproducciones.com.ar\/zoomp\/?p=18250"},"modified":"2024-09-02T08:38:45","modified_gmt":"2024-09-02T11:38:45","slug":"en-el-dia-de-la-industria-milei-va-a-un-acto-de-la-uia","status":"publish","type":"post","link":"https:\/\/zoomproducciones.com.ar\/zoomp\/en-el-dia-de-la-industria-milei-va-a-un-acto-de-la-uia\/","title":{"rendered":"En el D\u00eda de la Industria, Milei va a un acto de la UIA"},"content":{"rendered":"\n<p>A las 10.30, el presidente Javier Milei hablar\u00e1 frente a empresarios en un acto organizado por la\u00a0Uni\u00f3n Industrial Argentina\u00a0(UIA) en el marco del\u00a0D\u00eda de la Industria.\u00a0<\/p>\n\n\n\n<p>Hay expectativa por su exposici\u00f3n porque este a\u00f1o hay una\u00a0fuerte ca\u00edda\u00a0en el sector, adem\u00e1s de la controversia alrededor de la aprobaci\u00f3n del R\u00e9gimen de Incentivo para Grandes Inversiones (RIGI) y la reforma laboral.\u00a0<\/p>\n\n\n\n<p>El discurso ser\u00e1 en la sede porte\u00f1a de la entidad, en Avenida de Mayo 1147 y Milei ser\u00e1 el principal orador, junto al presidente de la UIA, Daniel Funes de Rioja.<\/p>\n\n\n\n<p>Sobre el panorama de la industria y las exportaciones de origen industrial, interesante\u00a0este informe\u00a0que detalla el economista Tom\u00e1s Canosa.\u00a0<\/p>\n","protected":false},"excerpt":{"rendered":"<p>A las 10.30, el presidente Javier Milei hablar\u00e1 frente a empresarios en un acto organizado por la\u00a0Uni\u00f3n Industrial Argentina\u00a0(UIA) en el marco del\u00a0D\u00eda de la Industria.\u00a0 Hay expectativa por su exposici\u00f3n porque este a\u00f1o hay una\u00a0fuerte ca\u00edda\u00a0en el sector, adem\u00e1s de la controversia alrededor de la aprobaci\u00f3n del R\u00e9gimen de Incentivo para Grandes Inversiones (RIGI) [&hellip;]<\/p>\n","protected":false},"author":2,"featured_media":18251,"comment_status":"closed","ping_status":"open","sticky":false,"template":"","format":"standard","meta":{"footnotes":""},"categories":[8],"tags":[511],"class_list":{"0":"post-18250","1":"post","2":"type-post","3":"status-publish","4":"format-standard","5":"has-post-thumbnail","7":"category-nacionales","8":"tag-bloque-2"},"_links":{"self":[{"href":"https:\/\/zoomproducciones.com.ar\/zoomp\/wp-json\/wp\/v2\/posts\/18250","targetHints":{"allow":["GET"]}}],"collection":[{"href":"https:\/\/zoomproducciones.com.ar\/zoomp\/wp-json\/wp\/v2\/posts"}],"about":[{"href":"https:\/\/zoomproducciones.com.ar\/zoomp\/wp-json\/wp\/v2\/types\/post"}],"author":[{"embeddable":true,"href":"https:\/\/zoomproducciones.com.ar\/zoomp\/wp-json\/wp\/v2\/users\/2"}],"replies":[{"embeddable":true,"href":"https:\/\/zoomproducciones.com.ar\/zoomp\/wp-json\/wp\/v2\/comments?post=18250"}],"version-history":[{"count":1,"href":"https:\/\/zoomproducciones.com.ar\/zoomp\/wp-json\/wp\/v2\/posts\/18250\/revisions"}],"predecessor-version":[{"id":18252,"href":"https:\/\/zoomproducciones.com.ar\/zoomp\/wp-json\/wp\/v2\/posts\/18250\/revisions\/18252"}],"wp:featuredmedia":[{"embeddable":true,"href":"https:\/\/zoomproducciones.com.ar\/zoomp\/wp-json\/wp\/v2\/media\/18251"}],"wp:attachment":[{"href":"https:\/\/zoomproducciones.com.ar\/zoomp\/wp-json\/wp\/v2\/media?parent=18250"}],"wp:term":[{"taxonomy":"category","embeddable":true,"href":"https:\/\/zoomproducciones.com.ar\/zoomp\/wp-json\/wp\/v2\/categories?post=18250"},{"taxonomy":"post_tag","embeddable":true,"href":"https:\/\/zoomproducciones.com.ar\/zoomp\/wp-json\/wp\/v2\/tags?post=18250"}],"curies":[{"name":"wp","href":"https:\/\/api.w.org\/{rel}","templated":true}]}}