{"id":18088,"date":"2024-08-22T09:04:48","date_gmt":"2024-08-22T12:04:48","guid":{"rendered":"http:\/\/zoomproducciones.com.ar\/zoomp\/?p=18088"},"modified":"2024-08-22T09:04:48","modified_gmt":"2024-08-22T12:04:48","slug":"la-mama-de-cecilia-stryzowski-denuncia-arreglo-entre-fiscales-y-emerenciano-sena-estoy-indignada","status":"publish","type":"post","link":"https:\/\/zoomproducciones.com.ar\/zoomp\/la-mama-de-cecilia-stryzowski-denuncia-arreglo-entre-fiscales-y-emerenciano-sena-estoy-indignada\/","title":{"rendered":"La mam\u00e1 de Cecilia Stryzowski denuncia \u00abarreglo\u00bb entre fiscales y Emerenciano Sena: \u00abEstoy indignada\u00bb"},"content":{"rendered":"\n<p>Gloria Romero, madre de Cecilia Stryzowski, manifest\u00f3 su indignaci\u00f3n por la decisi\u00f3n de la C\u00e1mara de Apelaciones de Resistencia de imputar a Emerenciano Sena y Marcela Acu\u00f1a como part\u00edcipes necesarios del femicidio de su hija.<\/p>\n\n\n\n<p>Romero denunci\u00f3 haber recibido un mensaje an\u00f3nimo que asegura que los fiscales del caso habr\u00edan acordado un cambio en la acusaci\u00f3n a cambio de una importante suma de dinero. El mensaje detalla que Sena habr\u00eda \u00abarreglado\u00bb con los fiscales Juan Mart\u00edn Bogado, Jorge C\u00e1ceres Olivera y Nelia Vel\u00e1zquez, del Equipo Fiscal Especial (EFE), antes de la audiencia.<\/p>\n\n\n\n<p>\u00abComo saben estoy detenido por los mismos fiscales, en el grupo interno de WhatsApp de los detenidos en febrero ya sab\u00edamos que Emerenciano Sena hab\u00eda arreglado primero con G\u00f3mez y luego con Bogado el cambio de car\u00e1tula por $50.000.000\u00bb, indica el mensaje que recibi\u00f3 Romero.<\/p>\n\n\n\n<p>La decisi\u00f3n de la C\u00e1mara de Apelaciones implica que Sena y Acu\u00f1a ir\u00e1n a juicio como part\u00edcipes necesarios del femicidio, mientras que su hijo, C\u00e9sar Sena, ser\u00e1 juzgado como autor material del crimen.<\/p>\n","protected":false},"excerpt":{"rendered":"<p>Gloria Romero, madre de Cecilia Stryzowski, manifest\u00f3 su indignaci\u00f3n por la decisi\u00f3n de la C\u00e1mara de Apelaciones de Resistencia de imputar a Emerenciano Sena y Marcela Acu\u00f1a como part\u00edcipes necesarios del femicidio de su hija. Romero denunci\u00f3 haber recibido un mensaje an\u00f3nimo que asegura que los fiscales del caso habr\u00edan acordado un cambio en la [&hellip;]<\/p>\n","protected":false},"author":2,"featured_media":18089,"comment_status":"closed","ping_status":"open","sticky":false,"template":"","format":"standard","meta":{"footnotes":""},"categories":[8],"tags":[511],"class_list":{"0":"post-18088","1":"post","2":"type-post","3":"status-publish","4":"format-standard","5":"has-post-thumbnail","7":"category-nacionales","8":"tag-bloque-2"},"_links":{"self":[{"href":"https:\/\/zoomproducciones.com.ar\/zoomp\/wp-json\/wp\/v2\/posts\/18088","targetHints":{"allow":["GET"]}}],"collection":[{"href":"https:\/\/zoomproducciones.com.ar\/zoomp\/wp-json\/wp\/v2\/posts"}],"about":[{"href":"https:\/\/zoomproducciones.com.ar\/zoomp\/wp-json\/wp\/v2\/types\/post"}],"author":[{"embeddable":true,"href":"https:\/\/zoomproducciones.com.ar\/zoomp\/wp-json\/wp\/v2\/users\/2"}],"replies":[{"embeddable":true,"href":"https:\/\/zoomproducciones.com.ar\/zoomp\/wp-json\/wp\/v2\/comments?post=18088"}],"version-history":[{"count":1,"href":"https:\/\/zoomproducciones.com.ar\/zoomp\/wp-json\/wp\/v2\/posts\/18088\/revisions"}],"predecessor-version":[{"id":18090,"href":"https:\/\/zoomproducciones.com.ar\/zoomp\/wp-json\/wp\/v2\/posts\/18088\/revisions\/18090"}],"wp:featuredmedia":[{"embeddable":true,"href":"https:\/\/zoomproducciones.com.ar\/zoomp\/wp-json\/wp\/v2\/media\/18089"}],"wp:attachment":[{"href":"https:\/\/zoomproducciones.com.ar\/zoomp\/wp-json\/wp\/v2\/media?parent=18088"}],"wp:term":[{"taxonomy":"category","embeddable":true,"href":"https:\/\/zoomproducciones.com.ar\/zoomp\/wp-json\/wp\/v2\/categories?post=18088"},{"taxonomy":"post_tag","embeddable":true,"href":"https:\/\/zoomproducciones.com.ar\/zoomp\/wp-json\/wp\/v2\/tags?post=18088"}],"curies":[{"name":"wp","href":"https:\/\/api.w.org\/{rel}","templated":true}]}}