{"id":18085,"date":"2024-08-22T09:01:44","date_gmt":"2024-08-22T12:01:44","guid":{"rendered":"http:\/\/zoomproducciones.com.ar\/zoomp\/?p=18085"},"modified":"2024-08-22T09:01:45","modified_gmt":"2024-08-22T12:01:45","slug":"la-denuncia-de-yanez-se-conociero-los-mensajes-que-revelan-la-presion-que-ejercio-alberto-fernandez-para-evitar-el-escandalo","status":"publish","type":"post","link":"https:\/\/zoomproducciones.com.ar\/zoomp\/la-denuncia-de-yanez-se-conociero-los-mensajes-que-revelan-la-presion-que-ejercio-alberto-fernandez-para-evitar-el-escandalo\/","title":{"rendered":"La denuncia de Ya\u00f1ez: se conociero los mensajes que revelan la presi\u00f3n que ejerci\u00f3 Alberto Fern\u00e1ndez para evitar el esc\u00e1ndalo"},"content":{"rendered":"\n<p>El medio Infobae accedi\u00f3 a la conversaci\u00f3n privada entre Alberto Fern\u00e1ndez y Fabiola Ya\u00f1ez, el 28 de junio, d\u00eda en el que la ex primera dama fue convocada por el juez Juli\u00e1n Ercolini para que declarara sobre los mensajes y fotos encontrados en el celular de su secretaria, Mar\u00eda Cantero.<\/p>\n\n\n\n<p>En medio de una situaci\u00f3n de extrema tensi\u00f3n, Fern\u00e1ndez intent\u00f3 evitar que la situaci\u00f3n escalara, pidiendo a Ya\u00f1ez que hablara lo menos posible y \u00abno se vuelva noticia\u00bb. Los chats revelan un intento por \u00abcerrar el esc\u00e1ndalo\u00bb y evitar una denuncia formal por violencia de g\u00e9nero.<\/p>\n\n\n\n<p>Ya\u00f1ez, por su parte, se mostr\u00f3 dispuesta a seguir las indicaciones de Fern\u00e1ndez, confirmando a su ex pareja: \u00abYa habl\u00e9 con Juan Pablo, quedate tranquilo voy a hacer lo que me dijiste que hab\u00eda que hacer\u00bb.<\/p>\n\n\n\n<p>Sin embargo, la calma fue ef\u00edmera. El 3 de agosto, al enterarse de que Clar\u00edn iba a publicar los mensajes explosivos que Ya\u00f1ez le hab\u00eda enviado a Cantero, la ex primera dama decidi\u00f3 finalmente denunciar a Fern\u00e1ndez por violencia de g\u00e9nero.<\/p>\n\n\n\n<p>La decisi\u00f3n de Ya\u00f1ez se produjo luego de un intercambio de mensajes con Fern\u00e1ndez, en el que la ex primera dama se sinti\u00f3 presionada y amenazada. El martes 6 de agosto, Ya\u00f1ez contact\u00f3 al juez Ercolini, relatando la situaci\u00f3n y acusando al ex presidente de haberla presionado para que no lo denunciara.<\/p>\n\n\n\n<p>La denuncia de Ya\u00f1ez desencaden\u00f3 una causa judicial que conmociona al pa\u00eds. El juez Ercolini, tras la denuncia, impuls\u00f3 las primeras medidas de prueba y prohibi\u00f3 la salida del pa\u00eds a Fern\u00e1ndez.<\/p>\n","protected":false},"excerpt":{"rendered":"<p>El medio Infobae accedi\u00f3 a la conversaci\u00f3n privada entre Alberto Fern\u00e1ndez y Fabiola Ya\u00f1ez, el 28 de junio, d\u00eda en el que la ex primera dama fue convocada por el juez Juli\u00e1n Ercolini para que declarara sobre los mensajes y fotos encontrados en el celular de su secretaria, Mar\u00eda Cantero. En medio de una situaci\u00f3n [&hellip;]<\/p>\n","protected":false},"author":2,"featured_media":18086,"comment_status":"closed","ping_status":"open","sticky":false,"template":"","format":"standard","meta":{"footnotes":""},"categories":[8],"tags":[511],"class_list":{"0":"post-18085","1":"post","2":"type-post","3":"status-publish","4":"format-standard","5":"has-post-thumbnail","7":"category-nacionales","8":"tag-bloque-2"},"_links":{"self":[{"href":"https:\/\/zoomproducciones.com.ar\/zoomp\/wp-json\/wp\/v2\/posts\/18085","targetHints":{"allow":["GET"]}}],"collection":[{"href":"https:\/\/zoomproducciones.com.ar\/zoomp\/wp-json\/wp\/v2\/posts"}],"about":[{"href":"https:\/\/zoomproducciones.com.ar\/zoomp\/wp-json\/wp\/v2\/types\/post"}],"author":[{"embeddable":true,"href":"https:\/\/zoomproducciones.com.ar\/zoomp\/wp-json\/wp\/v2\/users\/2"}],"replies":[{"embeddable":true,"href":"https:\/\/zoomproducciones.com.ar\/zoomp\/wp-json\/wp\/v2\/comments?post=18085"}],"version-history":[{"count":1,"href":"https:\/\/zoomproducciones.com.ar\/zoomp\/wp-json\/wp\/v2\/posts\/18085\/revisions"}],"predecessor-version":[{"id":18087,"href":"https:\/\/zoomproducciones.com.ar\/zoomp\/wp-json\/wp\/v2\/posts\/18085\/revisions\/18087"}],"wp:featuredmedia":[{"embeddable":true,"href":"https:\/\/zoomproducciones.com.ar\/zoomp\/wp-json\/wp\/v2\/media\/18086"}],"wp:attachment":[{"href":"https:\/\/zoomproducciones.com.ar\/zoomp\/wp-json\/wp\/v2\/media?parent=18085"}],"wp:term":[{"taxonomy":"category","embeddable":true,"href":"https:\/\/zoomproducciones.com.ar\/zoomp\/wp-json\/wp\/v2\/categories?post=18085"},{"taxonomy":"post_tag","embeddable":true,"href":"https:\/\/zoomproducciones.com.ar\/zoomp\/wp-json\/wp\/v2\/tags?post=18085"}],"curies":[{"name":"wp","href":"https:\/\/api.w.org\/{rel}","templated":true}]}}