{"id":18079,"date":"2024-08-22T08:48:32","date_gmt":"2024-08-22T11:48:32","guid":{"rendered":"http:\/\/zoomproducciones.com.ar\/zoomp\/?p=18079"},"modified":"2024-08-22T08:48:33","modified_gmt":"2024-08-22T11:48:33","slug":"audiencia-clave-para-definir-la-posible-excarcelacion-del-padre-grassi","status":"publish","type":"post","link":"https:\/\/zoomproducciones.com.ar\/zoomp\/audiencia-clave-para-definir-la-posible-excarcelacion-del-padre-grassi\/","title":{"rendered":"Audiencia clave para definir la posible excarcelaci\u00f3n del Padre Grassi"},"content":{"rendered":"\n<p>Este jueves, se llevar\u00e1 a cabo una audiencia crucial que podr\u00eda definir la excarcelaci\u00f3n del padre Julio C\u00e9sar Grassi, condenado a 15 a\u00f1os de prisi\u00f3n por dos hechos de abuso sexual. Si bien la fecha de su excarcelaci\u00f3n estaba prevista para mayo de 2028, Grassi solicit\u00f3 una \u00abliberaci\u00f3n anticipada\u00bb, lo que ser\u00e1 analizado por el Tribunal en lo Criminal N\u00b01 de Mor\u00f3n.<\/p>\n\n\n\n<p>Juan Pablo Gallego, abogado de las v\u00edctimas, expres\u00f3 su preocupaci\u00f3n ante la posibilidad de que Grassi sea beneficiado con la libertad.<\/p>\n\n\n\n<p>\u00abVoy a exponer los motivos por los cuales Grassi no puede salir\u00bb, afirm\u00f3 Gallego. \u00abEn primer lugar, el C\u00f3digo Penal establece que los delincuentes sexuales no pueden acceder a este beneficio. Adem\u00e1s, \u00e9l hizo el pedido por escrito y el tribunal abri\u00f3 el incidente a prueba. Se solicit\u00f3 una pericia psicol\u00f3gica a la que \u00e9l se opuso. Y finalmente, hubo mucho cabildeo con el informe carcelario\u00bb, explic\u00f3 el letrado.<\/p>\n\n\n\n<p>Gallego reconoce el poder de Grassi, quien aprovech\u00f3 momentos de \u00abdistracci\u00f3n\u00bb para obtener ventajas en el pasado.<\/p>\n\n\n\n<p>En esta audiencia, Grassi se representar\u00e1 a s\u00ed mismo, tras haberse recibido de abogado durante su estad\u00eda en prisi\u00f3n.<\/p>\n\n\n\n<p>Gallego se muestra optimista de cara a la audiencia, buscando que la resoluci\u00f3n sea p\u00fablica y transparente. \u00abEs muy importante que esto se haga a la luz del d\u00eda, que no quede como algo clandestino\u00bb, afirm\u00f3.<\/p>\n\n\n\n<p>La condena de Grassi se basa en los delitos de abuso sexual agravado por ejercer el rol de sacerdote y estar a cargo de la educaci\u00f3n de las v\u00edctimas. El abuso ocurri\u00f3 en 1996, en la Fundaci\u00f3n Felices los Ni\u00f1os, creada por el propio Grassi.<\/p>\n\n\n\n<p>La Corte Suprema confirm\u00f3 la condena en 2017, y Grassi cumple su condena en el pabell\u00f3n N\u00b0 6 de la Unidad Penitenciaria N\u00b0 41, destinado a presos con buena conducta.<\/p>\n","protected":false},"excerpt":{"rendered":"<p>Este jueves, se llevar\u00e1 a cabo una audiencia crucial que podr\u00eda definir la excarcelaci\u00f3n del padre Julio C\u00e9sar Grassi, condenado a 15 a\u00f1os de prisi\u00f3n por dos hechos de abuso sexual. Si bien la fecha de su excarcelaci\u00f3n estaba prevista para mayo de 2028, Grassi solicit\u00f3 una \u00abliberaci\u00f3n anticipada\u00bb, lo que ser\u00e1 analizado por el [&hellip;]<\/p>\n","protected":false},"author":2,"featured_media":18080,"comment_status":"closed","ping_status":"open","sticky":false,"template":"","format":"standard","meta":{"footnotes":""},"categories":[8],"tags":[511],"class_list":{"0":"post-18079","1":"post","2":"type-post","3":"status-publish","4":"format-standard","5":"has-post-thumbnail","7":"category-nacionales","8":"tag-bloque-2"},"_links":{"self":[{"href":"https:\/\/zoomproducciones.com.ar\/zoomp\/wp-json\/wp\/v2\/posts\/18079","targetHints":{"allow":["GET"]}}],"collection":[{"href":"https:\/\/zoomproducciones.com.ar\/zoomp\/wp-json\/wp\/v2\/posts"}],"about":[{"href":"https:\/\/zoomproducciones.com.ar\/zoomp\/wp-json\/wp\/v2\/types\/post"}],"author":[{"embeddable":true,"href":"https:\/\/zoomproducciones.com.ar\/zoomp\/wp-json\/wp\/v2\/users\/2"}],"replies":[{"embeddable":true,"href":"https:\/\/zoomproducciones.com.ar\/zoomp\/wp-json\/wp\/v2\/comments?post=18079"}],"version-history":[{"count":1,"href":"https:\/\/zoomproducciones.com.ar\/zoomp\/wp-json\/wp\/v2\/posts\/18079\/revisions"}],"predecessor-version":[{"id":18081,"href":"https:\/\/zoomproducciones.com.ar\/zoomp\/wp-json\/wp\/v2\/posts\/18079\/revisions\/18081"}],"wp:featuredmedia":[{"embeddable":true,"href":"https:\/\/zoomproducciones.com.ar\/zoomp\/wp-json\/wp\/v2\/media\/18080"}],"wp:attachment":[{"href":"https:\/\/zoomproducciones.com.ar\/zoomp\/wp-json\/wp\/v2\/media?parent=18079"}],"wp:term":[{"taxonomy":"category","embeddable":true,"href":"https:\/\/zoomproducciones.com.ar\/zoomp\/wp-json\/wp\/v2\/categories?post=18079"},{"taxonomy":"post_tag","embeddable":true,"href":"https:\/\/zoomproducciones.com.ar\/zoomp\/wp-json\/wp\/v2\/tags?post=18079"}],"curies":[{"name":"wp","href":"https:\/\/api.w.org\/{rel}","templated":true}]}}