{"id":18072,"date":"2024-08-22T08:48:37","date_gmt":"2024-08-22T11:48:37","guid":{"rendered":"http:\/\/zoomproducciones.com.ar\/zoomp\/?p=18072"},"modified":"2024-08-22T08:48:38","modified_gmt":"2024-08-22T11:48:38","slug":"comienza-la-ronda-de-testigos-en-la-causa-por-violencia-de-genero-contra-alberto-fernandez","status":"publish","type":"post","link":"https:\/\/zoomproducciones.com.ar\/zoomp\/comienza-la-ronda-de-testigos-en-la-causa-por-violencia-de-genero-contra-alberto-fernandez\/","title":{"rendered":"Comienza la ronda de testigos en la causa por violencia de g\u00e9nero contra Alberto Fern\u00e1ndez"},"content":{"rendered":"\n<p>Este jueves, en los tribunales federales de Comodoro Py, comenzar\u00e1n a declarar los primeros testigos en la causa por violencia de g\u00e9nero contra el ex presidente Alberto Fern\u00e1ndez, tras la denuncia de Fabiola Ya\u00f1ez.<\/p>\n\n\n\n<p>La periodista Alicia Barrios y Mar\u00eda Cantero, la ex secretaria privada de Fern\u00e1ndez, ser\u00e1n las primeras en brindar testimonio ante el fiscal Ramiro Gonz\u00e1lez. Barrios ser\u00e1 citada a las 10:30 y Cantero a las 12:00. El ex intendente de la Quinta de Olivos, Daniel Rodr\u00edguez, fue convocado para el lunes 26 de agosto.<\/p>\n\n\n\n<p>Por otro lado, el fiscal Gonz\u00e1lez gestiona la declaraci\u00f3n testimonial de Miriam Ya\u00f1ez Verdugo, madre de Fabiola Ya\u00f1ez, quien reside en Madrid con su hija. La declaraci\u00f3n se llevar\u00e1 a cabo en el Consulado argentino en Madrid, una vez que se obtenga la autorizaci\u00f3n de la Fiscal\u00eda Penal de la ciudad de Madrid.<\/p>\n\n\n\n<p>El fiscal Gonz\u00e1lez, quien rechaz\u00f3 el pedido de Fern\u00e1ndez para que el expediente pase a la Justicia de San Isidro, argumenta que los hechos denunciados \u00abrevela un contexto de violencia de g\u00e9nero asentado sobre una relaci\u00f3n asim\u00e9trica y desigual de poder que se ha desarrollado a lo largo del tiempo\u00bb.<\/p>\n","protected":false},"excerpt":{"rendered":"<p>Este jueves, en los tribunales federales de Comodoro Py, comenzar\u00e1n a declarar los primeros testigos en la causa por violencia de g\u00e9nero contra el ex presidente Alberto Fern\u00e1ndez, tras la denuncia de Fabiola Ya\u00f1ez. La periodista Alicia Barrios y Mar\u00eda Cantero, la ex secretaria privada de Fern\u00e1ndez, ser\u00e1n las primeras en brindar testimonio ante el [&hellip;]<\/p>\n","protected":false},"author":2,"featured_media":17855,"comment_status":"closed","ping_status":"open","sticky":false,"template":"","format":"standard","meta":{"footnotes":""},"categories":[8],"tags":[511],"class_list":{"0":"post-18072","1":"post","2":"type-post","3":"status-publish","4":"format-standard","5":"has-post-thumbnail","7":"category-nacionales","8":"tag-bloque-2"},"_links":{"self":[{"href":"https:\/\/zoomproducciones.com.ar\/zoomp\/wp-json\/wp\/v2\/posts\/18072","targetHints":{"allow":["GET"]}}],"collection":[{"href":"https:\/\/zoomproducciones.com.ar\/zoomp\/wp-json\/wp\/v2\/posts"}],"about":[{"href":"https:\/\/zoomproducciones.com.ar\/zoomp\/wp-json\/wp\/v2\/types\/post"}],"author":[{"embeddable":true,"href":"https:\/\/zoomproducciones.com.ar\/zoomp\/wp-json\/wp\/v2\/users\/2"}],"replies":[{"embeddable":true,"href":"https:\/\/zoomproducciones.com.ar\/zoomp\/wp-json\/wp\/v2\/comments?post=18072"}],"version-history":[{"count":1,"href":"https:\/\/zoomproducciones.com.ar\/zoomp\/wp-json\/wp\/v2\/posts\/18072\/revisions"}],"predecessor-version":[{"id":18082,"href":"https:\/\/zoomproducciones.com.ar\/zoomp\/wp-json\/wp\/v2\/posts\/18072\/revisions\/18082"}],"wp:featuredmedia":[{"embeddable":true,"href":"https:\/\/zoomproducciones.com.ar\/zoomp\/wp-json\/wp\/v2\/media\/17855"}],"wp:attachment":[{"href":"https:\/\/zoomproducciones.com.ar\/zoomp\/wp-json\/wp\/v2\/media?parent=18072"}],"wp:term":[{"taxonomy":"category","embeddable":true,"href":"https:\/\/zoomproducciones.com.ar\/zoomp\/wp-json\/wp\/v2\/categories?post=18072"},{"taxonomy":"post_tag","embeddable":true,"href":"https:\/\/zoomproducciones.com.ar\/zoomp\/wp-json\/wp\/v2\/tags?post=18072"}],"curies":[{"name":"wp","href":"https:\/\/api.w.org\/{rel}","templated":true}]}}