{"id":18059,"date":"2024-08-21T08:54:54","date_gmt":"2024-08-21T11:54:54","guid":{"rendered":"http:\/\/zoomproducciones.com.ar\/zoomp\/?p=18059"},"modified":"2024-08-21T08:54:54","modified_gmt":"2024-08-21T11:54:54","slug":"presentan-proyecto-para-buscar-mayor-transparencia-en-la-designacion-de-jefes-policiales","status":"publish","type":"post","link":"https:\/\/zoomproducciones.com.ar\/zoomp\/presentan-proyecto-para-buscar-mayor-transparencia-en-la-designacion-de-jefes-policiales\/","title":{"rendered":"Presentan proyecto para buscar mayor transparencia en la designaci\u00f3n de jefes policiales"},"content":{"rendered":"\n<p>La senadora Celeste Asc\u00faa (PJ) present\u00f3 un proyecto de ley que busca modificar la Ley del Personal Policial de Corrientes para que la designaci\u00f3n del Jefe de Polic\u00eda y los ascensos de personal superior sean realizados por la Legislatura con posibilidad de participaci\u00f3n ciudadana.<\/p>\n\n\n\n<p>El proyecto, a ser tratado este jueves en la sesi\u00f3n del Senado, propone la presentaci\u00f3n de pliegos por parte de los aspirantes a los cargos, con un per\u00edodo de impugnaciones donde la comunidad podr\u00e1 expresar sus opiniones.<\/p>\n\n\n\n<p>\u00abEs fundamental que la ciudadan\u00eda tenga un rol activo en la elecci\u00f3n de quienes ocupan cargos de confianza como los comisarios\u00bb, afirm\u00f3 Asc\u00faa. \u00abQueremos fomentar la transparencia y la participaci\u00f3n democr\u00e1tica en la selecci\u00f3n de figuras que deben garantizar la seguridad de todos los correntinos.\u00bb<\/p>\n\n\n\n<p>Actualmente, la designaci\u00f3n de estos cargos se realiza por decreto del Poder Ejecutivo. El proyecto de Asc\u00faa busca que la Legislatura tenga un mayor control sobre la selecci\u00f3n y que la opini\u00f3n ciudadana sea tomada en cuenta.<\/p>\n","protected":false},"excerpt":{"rendered":"<p>La senadora Celeste Asc\u00faa (PJ) present\u00f3 un proyecto de ley que busca modificar la Ley del Personal Policial de Corrientes para que la designaci\u00f3n del Jefe de Polic\u00eda y los ascensos de personal superior sean realizados por la Legislatura con posibilidad de participaci\u00f3n ciudadana. El proyecto, a ser tratado este jueves en la sesi\u00f3n del [&hellip;]<\/p>\n","protected":false},"author":2,"featured_media":18060,"comment_status":"closed","ping_status":"open","sticky":false,"template":"","format":"standard","meta":{"footnotes":""},"categories":[3],"tags":[511],"class_list":{"0":"post-18059","1":"post","2":"type-post","3":"status-publish","4":"format-standard","5":"has-post-thumbnail","7":"category-provinciales","8":"tag-bloque-2"},"_links":{"self":[{"href":"https:\/\/zoomproducciones.com.ar\/zoomp\/wp-json\/wp\/v2\/posts\/18059","targetHints":{"allow":["GET"]}}],"collection":[{"href":"https:\/\/zoomproducciones.com.ar\/zoomp\/wp-json\/wp\/v2\/posts"}],"about":[{"href":"https:\/\/zoomproducciones.com.ar\/zoomp\/wp-json\/wp\/v2\/types\/post"}],"author":[{"embeddable":true,"href":"https:\/\/zoomproducciones.com.ar\/zoomp\/wp-json\/wp\/v2\/users\/2"}],"replies":[{"embeddable":true,"href":"https:\/\/zoomproducciones.com.ar\/zoomp\/wp-json\/wp\/v2\/comments?post=18059"}],"version-history":[{"count":1,"href":"https:\/\/zoomproducciones.com.ar\/zoomp\/wp-json\/wp\/v2\/posts\/18059\/revisions"}],"predecessor-version":[{"id":18061,"href":"https:\/\/zoomproducciones.com.ar\/zoomp\/wp-json\/wp\/v2\/posts\/18059\/revisions\/18061"}],"wp:featuredmedia":[{"embeddable":true,"href":"https:\/\/zoomproducciones.com.ar\/zoomp\/wp-json\/wp\/v2\/media\/18060"}],"wp:attachment":[{"href":"https:\/\/zoomproducciones.com.ar\/zoomp\/wp-json\/wp\/v2\/media?parent=18059"}],"wp:term":[{"taxonomy":"category","embeddable":true,"href":"https:\/\/zoomproducciones.com.ar\/zoomp\/wp-json\/wp\/v2\/categories?post=18059"},{"taxonomy":"post_tag","embeddable":true,"href":"https:\/\/zoomproducciones.com.ar\/zoomp\/wp-json\/wp\/v2\/tags?post=18059"}],"curies":[{"name":"wp","href":"https:\/\/api.w.org\/{rel}","templated":true}]}}