{"id":18053,"date":"2024-08-21T07:44:00","date_gmt":"2024-08-21T10:44:00","guid":{"rendered":"http:\/\/zoomproducciones.com.ar\/zoomp\/?p=18053"},"modified":"2024-08-21T08:48:17","modified_gmt":"2024-08-21T11:48:17","slug":"hallan-muerto-a-un-nene-de-3-anos-en-la-pileta-de-un-vecino-en-cordoba","status":"publish","type":"post","link":"https:\/\/zoomproducciones.com.ar\/zoomp\/hallan-muerto-a-un-nene-de-3-anos-en-la-pileta-de-un-vecino-en-cordoba\/","title":{"rendered":"Hallan muerto a un nene de 3 a\u00f1os en la pileta de un vecino en C\u00f3rdoba"},"content":{"rendered":"\n<p>Un ni\u00f1o de tres a\u00f1os fue encontrado sin vida en la pileta de la casa de un vecino en la ciudad cordobesa de R\u00edo Ceballos, generando consternaci\u00f3n en la localidad.<\/p>\n\n\n\n<p>El tr\u00e1gico hecho ocurri\u00f3 en la tarde del martes, cuando los abuelos del ni\u00f1o, quienes lo ten\u00edan a su cuidado, denunciaron su desaparici\u00f3n alrededor de las 15:30 horas.<\/p>\n\n\n\n<p>Se inici\u00f3 un operativo de b\u00fasqueda que involucr\u00f3 a polic\u00edas, perros y bomberos, y que finaliz\u00f3 pasadas las 17:00 horas con el hallazgo del menor sumergido en la pileta de la vivienda de enfrente.<\/p>\n\n\n\n<p>A pesar de las maniobras de reanimaci\u00f3n, el ni\u00f1o falleci\u00f3 en el lugar.<\/p>\n\n\n\n<p>Las autoridades investigan las circunstancias del hecho, buscando determinar si el ni\u00f1o lleg\u00f3 por su cuenta a la casa del vecino o si fue v\u00edctima de un posible secuestro, ya que la familia asegura que no se iba solo de su vivienda.<\/p>\n\n\n\n<p>Las autoridades investigan qu\u00e9 ocurri\u00f3 durante las horas en que el ni\u00f1o estuvo desaparecido, realizando peritajes en la escena del hecho y entrevistando a posibles testigos.<\/p>\n","protected":false},"excerpt":{"rendered":"<p>Un ni\u00f1o de tres a\u00f1os fue encontrado sin vida en la pileta de la casa de un vecino en la ciudad cordobesa de R\u00edo Ceballos, generando consternaci\u00f3n en la localidad. El tr\u00e1gico hecho ocurri\u00f3 en la tarde del martes, cuando los abuelos del ni\u00f1o, quienes lo ten\u00edan a su cuidado, denunciaron su desaparici\u00f3n alrededor de [&hellip;]<\/p>\n","protected":false},"author":2,"featured_media":18054,"comment_status":"closed","ping_status":"open","sticky":false,"template":"","format":"standard","meta":{"footnotes":""},"categories":[8],"tags":[511],"class_list":{"0":"post-18053","1":"post","2":"type-post","3":"status-publish","4":"format-standard","5":"has-post-thumbnail","7":"category-nacionales","8":"tag-bloque-2"},"_links":{"self":[{"href":"https:\/\/zoomproducciones.com.ar\/zoomp\/wp-json\/wp\/v2\/posts\/18053","targetHints":{"allow":["GET"]}}],"collection":[{"href":"https:\/\/zoomproducciones.com.ar\/zoomp\/wp-json\/wp\/v2\/posts"}],"about":[{"href":"https:\/\/zoomproducciones.com.ar\/zoomp\/wp-json\/wp\/v2\/types\/post"}],"author":[{"embeddable":true,"href":"https:\/\/zoomproducciones.com.ar\/zoomp\/wp-json\/wp\/v2\/users\/2"}],"replies":[{"embeddable":true,"href":"https:\/\/zoomproducciones.com.ar\/zoomp\/wp-json\/wp\/v2\/comments?post=18053"}],"version-history":[{"count":1,"href":"https:\/\/zoomproducciones.com.ar\/zoomp\/wp-json\/wp\/v2\/posts\/18053\/revisions"}],"predecessor-version":[{"id":18055,"href":"https:\/\/zoomproducciones.com.ar\/zoomp\/wp-json\/wp\/v2\/posts\/18053\/revisions\/18055"}],"wp:featuredmedia":[{"embeddable":true,"href":"https:\/\/zoomproducciones.com.ar\/zoomp\/wp-json\/wp\/v2\/media\/18054"}],"wp:attachment":[{"href":"https:\/\/zoomproducciones.com.ar\/zoomp\/wp-json\/wp\/v2\/media?parent=18053"}],"wp:term":[{"taxonomy":"category","embeddable":true,"href":"https:\/\/zoomproducciones.com.ar\/zoomp\/wp-json\/wp\/v2\/categories?post=18053"},{"taxonomy":"post_tag","embeddable":true,"href":"https:\/\/zoomproducciones.com.ar\/zoomp\/wp-json\/wp\/v2\/tags?post=18053"}],"curies":[{"name":"wp","href":"https:\/\/api.w.org\/{rel}","templated":true}]}}