{"id":18044,"date":"2024-08-21T08:44:10","date_gmt":"2024-08-21T11:44:10","guid":{"rendered":"http:\/\/zoomproducciones.com.ar\/zoomp\/?p=18044"},"modified":"2024-08-21T08:44:11","modified_gmt":"2024-08-21T11:44:11","slug":"se-buscan-dos-hermanitos-desaparecidos-en-esquina-corrientes","status":"publish","type":"post","link":"https:\/\/zoomproducciones.com.ar\/zoomp\/se-buscan-dos-hermanitos-desaparecidos-en-esquina-corrientes\/","title":{"rendered":"Se buscan dos hermanitos desaparecidos en Esquina, Corrientes"},"content":{"rendered":"\n<p>La Polic\u00eda de Corrientes solicita la colaboraci\u00f3n de la ciudadan\u00eda para localizar a dos menores, William Joel Balbuena (12 a\u00f1os) y Bautista Jerem\u00edas Balbuena (10 a\u00f1os), desaparecidos desde la tarde del martes en la localidad de Esquina.<\/p>\n\n\n\n<p>Los ni\u00f1os se encontraban jugando en la vereda de su domicilio cuando se ausentaron alrededor de las 18:00 horas. Al no regresar a su casa, la madre comenz\u00f3 una b\u00fasqueda infructuosa por el vecindario.<\/p>\n\n\n\n<p><strong>Descripci\u00f3n de los menores:<\/strong><\/p>\n\n\n\n<p><strong>William Joel Balbuena:<\/strong>\u00a0contextura delgada, 1,50 metros de altura, cabello lacio y corto, tez trigue\u00f1a, ojos marrones. Vest\u00eda pantal\u00f3n de jean marr\u00f3n, buzo azul y zapatillas negras.<br><strong>Bautista Jerem\u00edas Balbuena:<\/strong>\u00a0contextura delgada, tez morena, 1,50 metros de altura, cabello corto y lacio. Vest\u00eda pantal\u00f3n jogging azul, campera azul clara y zapatillas de jean con cierre al costado.<\/p>\n\n\n\n<p>Cualquier informaci\u00f3n sobre el paradero de los menores, por favor comunicarse al n\u00famero de emergencia 911 o acercarse a la dependencia policial m\u00e1s cercana.<\/p>\n","protected":false},"excerpt":{"rendered":"<p>La Polic\u00eda de Corrientes solicita la colaboraci\u00f3n de la ciudadan\u00eda para localizar a dos menores, William Joel Balbuena (12 a\u00f1os) y Bautista Jerem\u00edas Balbuena (10 a\u00f1os), desaparecidos desde la tarde del martes en la localidad de Esquina. Los ni\u00f1os se encontraban jugando en la vereda de su domicilio cuando se ausentaron alrededor de las 18:00 [&hellip;]<\/p>\n","protected":false},"author":2,"featured_media":18045,"comment_status":"closed","ping_status":"open","sticky":false,"template":"","format":"standard","meta":{"footnotes":""},"categories":[3],"tags":[511],"class_list":{"0":"post-18044","1":"post","2":"type-post","3":"status-publish","4":"format-standard","5":"has-post-thumbnail","7":"category-provinciales","8":"tag-bloque-2"},"_links":{"self":[{"href":"https:\/\/zoomproducciones.com.ar\/zoomp\/wp-json\/wp\/v2\/posts\/18044","targetHints":{"allow":["GET"]}}],"collection":[{"href":"https:\/\/zoomproducciones.com.ar\/zoomp\/wp-json\/wp\/v2\/posts"}],"about":[{"href":"https:\/\/zoomproducciones.com.ar\/zoomp\/wp-json\/wp\/v2\/types\/post"}],"author":[{"embeddable":true,"href":"https:\/\/zoomproducciones.com.ar\/zoomp\/wp-json\/wp\/v2\/users\/2"}],"replies":[{"embeddable":true,"href":"https:\/\/zoomproducciones.com.ar\/zoomp\/wp-json\/wp\/v2\/comments?post=18044"}],"version-history":[{"count":1,"href":"https:\/\/zoomproducciones.com.ar\/zoomp\/wp-json\/wp\/v2\/posts\/18044\/revisions"}],"predecessor-version":[{"id":18051,"href":"https:\/\/zoomproducciones.com.ar\/zoomp\/wp-json\/wp\/v2\/posts\/18044\/revisions\/18051"}],"wp:featuredmedia":[{"embeddable":true,"href":"https:\/\/zoomproducciones.com.ar\/zoomp\/wp-json\/wp\/v2\/media\/18045"}],"wp:attachment":[{"href":"https:\/\/zoomproducciones.com.ar\/zoomp\/wp-json\/wp\/v2\/media?parent=18044"}],"wp:term":[{"taxonomy":"category","embeddable":true,"href":"https:\/\/zoomproducciones.com.ar\/zoomp\/wp-json\/wp\/v2\/categories?post=18044"},{"taxonomy":"post_tag","embeddable":true,"href":"https:\/\/zoomproducciones.com.ar\/zoomp\/wp-json\/wp\/v2\/tags?post=18044"}],"curies":[{"name":"wp","href":"https:\/\/api.w.org\/{rel}","templated":true}]}}