{"id":18034,"date":"2024-08-21T08:32:44","date_gmt":"2024-08-21T11:32:44","guid":{"rendered":"http:\/\/zoomproducciones.com.ar\/zoomp\/?p=18034"},"modified":"2024-08-21T08:33:09","modified_gmt":"2024-08-21T11:33:09","slug":"prefectura-naval-encuentra-el-cuerpo-de-una-mujer-en-el-rio-uruguay-en-monte-caseros","status":"publish","type":"post","link":"https:\/\/zoomproducciones.com.ar\/zoomp\/prefectura-naval-encuentra-el-cuerpo-de-una-mujer-en-el-rio-uruguay-en-monte-caseros\/","title":{"rendered":"Monte Caseros: Prefectura Naval encuentra el cuerpo de una mujer en el r\u00edo Uruguay"},"content":{"rendered":"\n<p>La Prefectura Naval Argentina (PNA) inform\u00f3 este martes el hallazgo del cuerpo de una mujer en el r\u00edo Uruguay, en la localidad correntina de Monte Caseros.<\/p>\n\n\n\n<p>El hallazgo se produjo durante la tarde, tras la llamada de testigos que se encontraban en la zona. El m\u00e9dico Ben\u00edtez Recio confirm\u00f3 que el cuerpo corresponde a una mujer con discapacidad.<\/p>\n\n\n\n<p>\u00abEra una chica que andaba por la costa\u00bb, explic\u00f3 el m\u00e9dico, agregando que \u00abaparentemente la muerte fue por ahogamiento\u00bb.<\/p>\n\n\n\n<p>El cuerpo fue trasladado a la morgue para la realizaci\u00f3n de la autopsia correspondiente.<\/p>\n\n\n\n<p>Fuente: El Litoral.<\/p>\n","protected":false},"excerpt":{"rendered":"<p>La Prefectura Naval Argentina (PNA) inform\u00f3 este martes el hallazgo del cuerpo de una mujer en el r\u00edo Uruguay, en la localidad correntina de Monte Caseros. El hallazgo se produjo durante la tarde, tras la llamada de testigos que se encontraban en la zona. El m\u00e9dico Ben\u00edtez Recio confirm\u00f3 que el cuerpo corresponde a una [&hellip;]<\/p>\n","protected":false},"author":2,"featured_media":18035,"comment_status":"closed","ping_status":"open","sticky":false,"template":"","format":"standard","meta":{"footnotes":""},"categories":[3],"tags":[42],"class_list":{"0":"post-18034","1":"post","2":"type-post","3":"status-publish","4":"format-standard","5":"has-post-thumbnail","7":"category-provinciales","8":"tag-featured"},"_links":{"self":[{"href":"https:\/\/zoomproducciones.com.ar\/zoomp\/wp-json\/wp\/v2\/posts\/18034","targetHints":{"allow":["GET"]}}],"collection":[{"href":"https:\/\/zoomproducciones.com.ar\/zoomp\/wp-json\/wp\/v2\/posts"}],"about":[{"href":"https:\/\/zoomproducciones.com.ar\/zoomp\/wp-json\/wp\/v2\/types\/post"}],"author":[{"embeddable":true,"href":"https:\/\/zoomproducciones.com.ar\/zoomp\/wp-json\/wp\/v2\/users\/2"}],"replies":[{"embeddable":true,"href":"https:\/\/zoomproducciones.com.ar\/zoomp\/wp-json\/wp\/v2\/comments?post=18034"}],"version-history":[{"count":2,"href":"https:\/\/zoomproducciones.com.ar\/zoomp\/wp-json\/wp\/v2\/posts\/18034\/revisions"}],"predecessor-version":[{"id":18039,"href":"https:\/\/zoomproducciones.com.ar\/zoomp\/wp-json\/wp\/v2\/posts\/18034\/revisions\/18039"}],"wp:featuredmedia":[{"embeddable":true,"href":"https:\/\/zoomproducciones.com.ar\/zoomp\/wp-json\/wp\/v2\/media\/18035"}],"wp:attachment":[{"href":"https:\/\/zoomproducciones.com.ar\/zoomp\/wp-json\/wp\/v2\/media?parent=18034"}],"wp:term":[{"taxonomy":"category","embeddable":true,"href":"https:\/\/zoomproducciones.com.ar\/zoomp\/wp-json\/wp\/v2\/categories?post=18034"},{"taxonomy":"post_tag","embeddable":true,"href":"https:\/\/zoomproducciones.com.ar\/zoomp\/wp-json\/wp\/v2\/tags?post=18034"}],"curies":[{"name":"wp","href":"https:\/\/api.w.org\/{rel}","templated":true}]}}