{"id":18032,"date":"2024-08-21T08:32:42","date_gmt":"2024-08-21T11:32:42","guid":{"rendered":"http:\/\/zoomproducciones.com.ar\/zoomp\/?p=18032"},"modified":"2024-08-21T08:58:01","modified_gmt":"2024-08-21T11:58:01","slug":"se-confirmo-fecha-del-juicio-a-los-nueve-militares-acusados-por-la-muerte-de-un-subteniente-en-paso-de-los-libres","status":"publish","type":"post","link":"https:\/\/zoomproducciones.com.ar\/zoomp\/se-confirmo-fecha-del-juicio-a-los-nueve-militares-acusados-por-la-muerte-de-un-subteniente-en-paso-de-los-libres\/","title":{"rendered":"Se confirm\u00f3 fecha del juicio a los nueve militares acusados por la muerte de un subteniente en Paso de los Libres"},"content":{"rendered":"\n<p>El Tribunal Oral Federal de Corrientes fij\u00f3 para el 8 de octubre el inicio del juicio contra nueve militares del Ej\u00e9rcito Argentino acusados por el homicidio simple del subteniente Mat\u00edas Chirino.<\/p>\n\n\n\n<p>Las audiencias se desarrollar\u00e1n durante tres d\u00edas: 8, 9 y 10 de octubre. Los acusados son:<\/p>\n\n\n\n<p><strong>Coautores:<\/strong>&nbsp;Rub\u00e9n Dar\u00edo Ruiz, Claudio Andr\u00e9s Luna, Hugo Reclus Martinez Tarraga, Exequiel Emanuel Aguilar, Dar\u00edo Emanuel Martinez, Luis Facundo Acosta y Gerardo Sebasti\u00e1n Bautista.<br><strong>Part\u00edcipes secundarios:<\/strong>&nbsp;Franco Dami\u00e1n Grupico y Claudia Daniela Cayata.<\/p>\n\n\n\n<p>El hecho ocurri\u00f3 durante un bautismo en el Grupo de Artiller\u00eda de Monte 3 del Ej\u00e9rcito, en Paso de los Libres, el 19 de junio de 2022. El padre del subteniente Chirino, junto a una hermana del fallecido y dos sobrevivientes, visitaron el lugar donde se produjo la tragedia en una inspecci\u00f3n judicial.<\/p>\n\n\n\n<p>El juicio se espera con gran expectativa, ya que se busca determinar las responsabilidades de los militares en la muerte de Chirino durante el ritual de iniciaci\u00f3n.<\/p>\n","protected":false},"excerpt":{"rendered":"<p>El Tribunal Oral Federal de Corrientes fij\u00f3 para el 8 de octubre el inicio del juicio contra nueve militares del Ej\u00e9rcito Argentino acusados por el homicidio simple del subteniente Mat\u00edas Chirino. Las audiencias se desarrollar\u00e1n durante tres d\u00edas: 8, 9 y 10 de octubre. Los acusados son: Coautores:&nbsp;Rub\u00e9n Dar\u00edo Ruiz, Claudio Andr\u00e9s Luna, Hugo Reclus [&hellip;]<\/p>\n","protected":false},"author":2,"featured_media":18033,"comment_status":"closed","ping_status":"open","sticky":false,"template":"","format":"standard","meta":{"footnotes":""},"categories":[5],"tags":[42],"class_list":{"0":"post-18032","1":"post","2":"type-post","3":"status-publish","4":"format-standard","5":"has-post-thumbnail","7":"category-locales","8":"tag-featured"},"_links":{"self":[{"href":"https:\/\/zoomproducciones.com.ar\/zoomp\/wp-json\/wp\/v2\/posts\/18032","targetHints":{"allow":["GET"]}}],"collection":[{"href":"https:\/\/zoomproducciones.com.ar\/zoomp\/wp-json\/wp\/v2\/posts"}],"about":[{"href":"https:\/\/zoomproducciones.com.ar\/zoomp\/wp-json\/wp\/v2\/types\/post"}],"author":[{"embeddable":true,"href":"https:\/\/zoomproducciones.com.ar\/zoomp\/wp-json\/wp\/v2\/users\/2"}],"replies":[{"embeddable":true,"href":"https:\/\/zoomproducciones.com.ar\/zoomp\/wp-json\/wp\/v2\/comments?post=18032"}],"version-history":[{"count":2,"href":"https:\/\/zoomproducciones.com.ar\/zoomp\/wp-json\/wp\/v2\/posts\/18032\/revisions"}],"predecessor-version":[{"id":18062,"href":"https:\/\/zoomproducciones.com.ar\/zoomp\/wp-json\/wp\/v2\/posts\/18032\/revisions\/18062"}],"wp:featuredmedia":[{"embeddable":true,"href":"https:\/\/zoomproducciones.com.ar\/zoomp\/wp-json\/wp\/v2\/media\/18033"}],"wp:attachment":[{"href":"https:\/\/zoomproducciones.com.ar\/zoomp\/wp-json\/wp\/v2\/media?parent=18032"}],"wp:term":[{"taxonomy":"category","embeddable":true,"href":"https:\/\/zoomproducciones.com.ar\/zoomp\/wp-json\/wp\/v2\/categories?post=18032"},{"taxonomy":"post_tag","embeddable":true,"href":"https:\/\/zoomproducciones.com.ar\/zoomp\/wp-json\/wp\/v2\/tags?post=18032"}],"curies":[{"name":"wp","href":"https:\/\/api.w.org\/{rel}","templated":true}]}}