{"id":18010,"date":"2024-08-20T08:48:51","date_gmt":"2024-08-20T11:48:51","guid":{"rendered":"http:\/\/zoomproducciones.com.ar\/zoomp\/?p=18010"},"modified":"2024-08-20T08:48:51","modified_gmt":"2024-08-20T11:48:51","slug":"aumento-de-dietas-en-el-senado-cobraran-9-millones-de-pesos-mensuales","status":"publish","type":"post","link":"https:\/\/zoomproducciones.com.ar\/zoomp\/aumento-de-dietas-en-el-senado-cobraran-9-millones-de-pesos-mensuales\/","title":{"rendered":"Aumento de dietas en el senado: cobrar\u00e1n 9 millones de pesos mensuales"},"content":{"rendered":"\n<p>El Senado argentino <strong>aprob\u00f3 un aumento salarial del 6,5% para los legisladores nacionales,<\/strong> en l\u00ednea con la paritaria acordada con los gremios estatales. Este aumento, que se aplicar\u00e1 en dos tramos, <strong>permitir\u00e1 a los senadores percibir un salario mensual de 9 millones de pesos<\/strong>.<\/p>\n\n\n\n<p>La decisi\u00f3n gener\u00f3 controversia, ya que <strong>la vicepresidenta Victoria Villarruel se opuso a la inclusi\u00f3n de los senadores en la resoluci\u00f3n <\/strong>y busc\u00f3, sin \u00e9xito, que se \u00abdesengancharan del aumento\u00bb.<\/p>\n\n\n\n<p>Seg\u00fan fuentes de la Presidencia del Senado,<strong> el aumento se justific\u00f3 como parte de la paritaria del Congreso, <\/strong>argumentando la presi\u00f3n de los gremios y de la C\u00e1mara de Diputados.<\/p>\n\n\n\n<p>\u00abEs el mismo aumento que dio el Poder Ejecutivo y a pesar de las notas que presentaron los senadores, <strong>se les pidi\u00f3 que desenganchen y dijeron que no<\/strong>\u00ab, se\u00f1alaron fuentes cercanas a Villarruel.<\/p>\n\n\n\n<p>La resoluci\u00f3n, firmada por las autoridades del Senado y Diputados, as\u00ed como por representantes de los sindicatos, <strong>establece un aumento del 3,5% retroactivo al 1 de julio y un 3% adicional a partir del 1 de agosto.<\/strong><\/p>\n","protected":false},"excerpt":{"rendered":"<p>El Senado argentino aprob\u00f3 un aumento salarial del 6,5% para los legisladores nacionales, en l\u00ednea con la paritaria acordada con los gremios estatales. Este aumento, que se aplicar\u00e1 en dos tramos, permitir\u00e1 a los senadores percibir un salario mensual de 9 millones de pesos. La decisi\u00f3n gener\u00f3 controversia, ya que la vicepresidenta Victoria Villarruel se [&hellip;]<\/p>\n","protected":false},"author":2,"featured_media":18011,"comment_status":"closed","ping_status":"open","sticky":false,"template":"","format":"standard","meta":{"footnotes":""},"categories":[8],"tags":[511],"class_list":{"0":"post-18010","1":"post","2":"type-post","3":"status-publish","4":"format-standard","5":"has-post-thumbnail","7":"category-nacionales","8":"tag-bloque-2"},"_links":{"self":[{"href":"https:\/\/zoomproducciones.com.ar\/zoomp\/wp-json\/wp\/v2\/posts\/18010","targetHints":{"allow":["GET"]}}],"collection":[{"href":"https:\/\/zoomproducciones.com.ar\/zoomp\/wp-json\/wp\/v2\/posts"}],"about":[{"href":"https:\/\/zoomproducciones.com.ar\/zoomp\/wp-json\/wp\/v2\/types\/post"}],"author":[{"embeddable":true,"href":"https:\/\/zoomproducciones.com.ar\/zoomp\/wp-json\/wp\/v2\/users\/2"}],"replies":[{"embeddable":true,"href":"https:\/\/zoomproducciones.com.ar\/zoomp\/wp-json\/wp\/v2\/comments?post=18010"}],"version-history":[{"count":1,"href":"https:\/\/zoomproducciones.com.ar\/zoomp\/wp-json\/wp\/v2\/posts\/18010\/revisions"}],"predecessor-version":[{"id":18016,"href":"https:\/\/zoomproducciones.com.ar\/zoomp\/wp-json\/wp\/v2\/posts\/18010\/revisions\/18016"}],"wp:featuredmedia":[{"embeddable":true,"href":"https:\/\/zoomproducciones.com.ar\/zoomp\/wp-json\/wp\/v2\/media\/18011"}],"wp:attachment":[{"href":"https:\/\/zoomproducciones.com.ar\/zoomp\/wp-json\/wp\/v2\/media?parent=18010"}],"wp:term":[{"taxonomy":"category","embeddable":true,"href":"https:\/\/zoomproducciones.com.ar\/zoomp\/wp-json\/wp\/v2\/categories?post=18010"},{"taxonomy":"post_tag","embeddable":true,"href":"https:\/\/zoomproducciones.com.ar\/zoomp\/wp-json\/wp\/v2\/tags?post=18010"}],"curies":[{"name":"wp","href":"https:\/\/api.w.org\/{rel}","templated":true}]}}