{"id":18006,"date":"2024-08-20T08:48:57","date_gmt":"2024-08-20T11:48:57","guid":{"rendered":"http:\/\/zoomproducciones.com.ar\/zoomp\/?p=18006"},"modified":"2024-08-20T08:48:58","modified_gmt":"2024-08-20T11:48:58","slug":"paro-universitario-de-48-horas-docentes-y-no-docentes-exigen-mayor-aumento-salarial","status":"publish","type":"post","link":"https:\/\/zoomproducciones.com.ar\/zoomp\/paro-universitario-de-48-horas-docentes-y-no-docentes-exigen-mayor-aumento-salarial\/","title":{"rendered":"Paro universitario de 48 horas: docentes y no docentes exigen mayor aumento salarial"},"content":{"rendered":"\n<p>Las universidades p\u00fablicas de todo el pa\u00eds permanecen cerradas este martes y mi\u00e9rcoles debido a un paro de 48 horas convocado por los sindicatos docentes y no docentes, en reclamo de una mejora salarial.<\/p>\n\n\n\n<p>La medida se tom\u00f3 ante la falta de acuerdo con el Ministerio de Capital Humano, que mantiene la oferta de un 3% de aumento para agosto y un 2% para septiembre. Los sindicatos consideran esta propuesta insuficiente, argumentando que la inflaci\u00f3n erosiona el poder adquisitivo de los trabajadores universitarios.<\/p>\n\n\n\n<p>Emiliano Cagnacci, Secretario General de ADUBA, se\u00f1al\u00f3 que la crisis del sistema universitario \u00abahoga\u00bb el presupuesto y afecta el ingreso de docentes, no docentes, investigadores y profesionales de la salud.<\/p>\n\n\n\n<p>Por su parte, Daniel Ricci, Secretario General de Fedun, destac\u00f3 un acatamiento total del paro en las 61 universidades p\u00fablicas del pa\u00eds y amenaz\u00f3 con un \u00abplan de lucha\u00bb que incluye una marcha federal para septiembre si no se llega a un acuerdo.<\/p>\n\n\n\n<p>El pasado lunes 12 de agosto, el inicio del segundo semestre se vio interrumpido por el paro, debido a la \u00abindignante propuesta salarial\u00bb del Gobierno, seg\u00fan los sindicatos.<\/p>\n\n\n\n<p>Fuente: Noticias Argentinas<\/p>\n","protected":false},"excerpt":{"rendered":"<p>Las universidades p\u00fablicas de todo el pa\u00eds permanecen cerradas este martes y mi\u00e9rcoles debido a un paro de 48 horas convocado por los sindicatos docentes y no docentes, en reclamo de una mejora salarial. La medida se tom\u00f3 ante la falta de acuerdo con el Ministerio de Capital Humano, que mantiene la oferta de un [&hellip;]<\/p>\n","protected":false},"author":2,"featured_media":18008,"comment_status":"closed","ping_status":"open","sticky":false,"template":"","format":"standard","meta":{"footnotes":""},"categories":[8],"tags":[511],"class_list":{"0":"post-18006","1":"post","2":"type-post","3":"status-publish","4":"format-standard","5":"has-post-thumbnail","7":"category-nacionales","8":"tag-bloque-2"},"_links":{"self":[{"href":"https:\/\/zoomproducciones.com.ar\/zoomp\/wp-json\/wp\/v2\/posts\/18006","targetHints":{"allow":["GET"]}}],"collection":[{"href":"https:\/\/zoomproducciones.com.ar\/zoomp\/wp-json\/wp\/v2\/posts"}],"about":[{"href":"https:\/\/zoomproducciones.com.ar\/zoomp\/wp-json\/wp\/v2\/types\/post"}],"author":[{"embeddable":true,"href":"https:\/\/zoomproducciones.com.ar\/zoomp\/wp-json\/wp\/v2\/users\/2"}],"replies":[{"embeddable":true,"href":"https:\/\/zoomproducciones.com.ar\/zoomp\/wp-json\/wp\/v2\/comments?post=18006"}],"version-history":[{"count":1,"href":"https:\/\/zoomproducciones.com.ar\/zoomp\/wp-json\/wp\/v2\/posts\/18006\/revisions"}],"predecessor-version":[{"id":18018,"href":"https:\/\/zoomproducciones.com.ar\/zoomp\/wp-json\/wp\/v2\/posts\/18006\/revisions\/18018"}],"wp:featuredmedia":[{"embeddable":true,"href":"https:\/\/zoomproducciones.com.ar\/zoomp\/wp-json\/wp\/v2\/media\/18008"}],"wp:attachment":[{"href":"https:\/\/zoomproducciones.com.ar\/zoomp\/wp-json\/wp\/v2\/media?parent=18006"}],"wp:term":[{"taxonomy":"category","embeddable":true,"href":"https:\/\/zoomproducciones.com.ar\/zoomp\/wp-json\/wp\/v2\/categories?post=18006"},{"taxonomy":"post_tag","embeddable":true,"href":"https:\/\/zoomproducciones.com.ar\/zoomp\/wp-json\/wp\/v2\/tags?post=18006"}],"curies":[{"name":"wp","href":"https:\/\/api.w.org\/{rel}","templated":true}]}}