{"id":18000,"date":"2024-08-20T08:25:34","date_gmt":"2024-08-20T11:25:34","guid":{"rendered":"http:\/\/zoomproducciones.com.ar\/zoomp\/?p=18000"},"modified":"2024-08-20T08:25:34","modified_gmt":"2024-08-20T11:25:34","slug":"milei-fulmina-a-senadores-por-aumento-salarial-traicion-al-pueblo-argentino","status":"publish","type":"post","link":"https:\/\/zoomproducciones.com.ar\/zoomp\/milei-fulmina-a-senadores-por-aumento-salarial-traicion-al-pueblo-argentino\/","title":{"rendered":"Milei fulmina a senadores por aumento salarial: \u00abTraici\u00f3n al pueblo argentino\u00bb"},"content":{"rendered":"\n<p>El presidente Javier Milei arremeti\u00f3 con dureza contra los senadores tras confirmarse un aumento salarial del 6,5% en dos tramos, que les permitir\u00e1 cobrar cerca de 9 millones de pesos en bruto.<\/p>\n\n\n\n<p>En una serie de publicaciones en X, Milei calific\u00f3 el aumento como<strong> \u00abuna traici\u00f3n al pueblo argentino\u00bb,<\/strong> recordando que los sueldos del Poder Ejecutivo se encuentran congelados desde diciembre. \u00ab<strong>No hubo aumento para ministros, secretarios o subsecretarios.<\/strong> Tampoco para m\u00ed, que adem\u00e1s renunci\u00e9 a mi jubilaci\u00f3n de privilegio\u00bb, afirm\u00f3.<\/p>\n\n\n\n<p>El mandatario tambi\u00e9n critic\u00f3 el argumento de los senadores, quienes justificaron el aumento como una \u00abparitaria para todo el Congreso\u00bb. \u00ab<strong>Parece que no comprenden que el sueldo que perciben sale de los impuestos <\/strong>que pagan todos los argentinos\u00bb, se\u00f1al\u00f3.<\/p>\n\n\n\n<p>Milei apunt\u00f3 directamente contra el senador Mart\u00edn Lousteau, quien en el pasado hab\u00eda cuestionado la brecha salarial entre un senador y un cajero de banco.<strong> \u00ab\u00bfTanto gana un cajero de banco o estamos frente a un tremendo hip\u00f3crita mentiroso?\u00bb<\/strong>, cuestion\u00f3 el presidente.<\/p>\n\n\n\n<p>El aumento, que se aplicar\u00e1 en dos tramos, el primero retroactivo al 1 de julio y el segundo a partir del 1 de agosto, gener\u00f3 pol\u00e9mica por la presi\u00f3n ejercida por los gremios y las autoridades de la C\u00e1mara de Diputados para que el Senado lo aprobara.<\/p>\n","protected":false},"excerpt":{"rendered":"<p>El presidente Javier Milei arremeti\u00f3 con dureza contra los senadores tras confirmarse un aumento salarial del 6,5% en dos tramos, que les permitir\u00e1 cobrar cerca de 9 millones de pesos en bruto. En una serie de publicaciones en X, Milei calific\u00f3 el aumento como \u00abuna traici\u00f3n al pueblo argentino\u00bb, recordando que los sueldos del Poder [&hellip;]<\/p>\n","protected":false},"author":2,"featured_media":18002,"comment_status":"closed","ping_status":"open","sticky":false,"template":"","format":"standard","meta":{"footnotes":""},"categories":[8],"tags":[42],"class_list":{"0":"post-18000","1":"post","2":"type-post","3":"status-publish","4":"format-standard","5":"has-post-thumbnail","7":"category-nacionales","8":"tag-featured"},"_links":{"self":[{"href":"https:\/\/zoomproducciones.com.ar\/zoomp\/wp-json\/wp\/v2\/posts\/18000","targetHints":{"allow":["GET"]}}],"collection":[{"href":"https:\/\/zoomproducciones.com.ar\/zoomp\/wp-json\/wp\/v2\/posts"}],"about":[{"href":"https:\/\/zoomproducciones.com.ar\/zoomp\/wp-json\/wp\/v2\/types\/post"}],"author":[{"embeddable":true,"href":"https:\/\/zoomproducciones.com.ar\/zoomp\/wp-json\/wp\/v2\/users\/2"}],"replies":[{"embeddable":true,"href":"https:\/\/zoomproducciones.com.ar\/zoomp\/wp-json\/wp\/v2\/comments?post=18000"}],"version-history":[{"count":1,"href":"https:\/\/zoomproducciones.com.ar\/zoomp\/wp-json\/wp\/v2\/posts\/18000\/revisions"}],"predecessor-version":[{"id":18004,"href":"https:\/\/zoomproducciones.com.ar\/zoomp\/wp-json\/wp\/v2\/posts\/18000\/revisions\/18004"}],"wp:featuredmedia":[{"embeddable":true,"href":"https:\/\/zoomproducciones.com.ar\/zoomp\/wp-json\/wp\/v2\/media\/18002"}],"wp:attachment":[{"href":"https:\/\/zoomproducciones.com.ar\/zoomp\/wp-json\/wp\/v2\/media?parent=18000"}],"wp:term":[{"taxonomy":"category","embeddable":true,"href":"https:\/\/zoomproducciones.com.ar\/zoomp\/wp-json\/wp\/v2\/categories?post=18000"},{"taxonomy":"post_tag","embeddable":true,"href":"https:\/\/zoomproducciones.com.ar\/zoomp\/wp-json\/wp\/v2\/tags?post=18000"}],"curies":[{"name":"wp","href":"https:\/\/api.w.org\/{rel}","templated":true}]}}