{"id":17996,"date":"2024-08-20T08:25:36","date_gmt":"2024-08-20T11:25:36","guid":{"rendered":"http:\/\/zoomproducciones.com.ar\/zoomp\/?p=17996"},"modified":"2024-08-20T09:37:41","modified_gmt":"2024-08-20T12:37:41","slug":"que-es-la-ciclogenesis-el-fenomeno-meteorologico-que-afectara-a-corrientes","status":"publish","type":"post","link":"https:\/\/zoomproducciones.com.ar\/zoomp\/que-es-la-ciclogenesis-el-fenomeno-meteorologico-que-afectara-a-corrientes\/","title":{"rendered":"Qu\u00e9 es la ciclog\u00e9nesis, el fen\u00f3meno meteorol\u00f3gico que afectar\u00e1 a Corrientes"},"content":{"rendered":"\n<p>Un nuevo proceso de \u00abciclog\u00e9nesis\u00bb, la formaci\u00f3n de un cicl\u00f3n extra tropical, se desarrollar\u00e1 en Argentina a partir del mi\u00e9rcoles y afectar\u00e1 a Corrientes, junto a otras provincias del pa\u00eds, seg\u00fan inform\u00f3 el Servicio Meteorol\u00f3gico Nacional (SMN).<\/p>\n\n\n\n<p>El sistema de baja presi\u00f3n se formar\u00e1 en el Oc\u00e9ano Atl\u00e1ntico hacia el jueves, provocando lluvias persistentes en La Pampa, Neuqu\u00e9n, el este de la provincia de Buenos Aires, Entre R\u00edos, Corrientes y el este de Chaco. Se espera que las lluvias superen los 60 mm en el Litoral, con valores de entre 20 y 60 mm en otras zonas.<\/p>\n\n\n\n<p>\u00abNo hay que alarmarse\u00bb, aclar\u00f3 el climat\u00f3logo del SMN Jos\u00e9 Luis Stella, quien explic\u00f3 que el proceso se debe al avance de un importante frente fr\u00edo que ya est\u00e1 provocando nevadas en la cordillera de los Andes y la meseta patag\u00f3nica. \u00abNo se descarta que pueda haber alg\u00fan evento de nieve en la zona serrana de la provincia de Buenos Aires\u00bb, agreg\u00f3.<\/p>\n\n\n\n<p>A partir del mi\u00e9rcoles, se experimentar\u00e1 un marcado descenso de la temperatura, especialmente en el Litoral, donde la masa de aire es c\u00e1lida actualmente. Entre viernes y domingo se esperan las temperaturas m\u00e1s bajas.<\/p>\n\n\n\n<p>La ciclogen\u00e9sis favorecer\u00e1 las lluvias por sobre el viento, aunque se esperan condiciones ventosas, pero no se pronostican vientos extremos.<\/p>\n\n\n\n<p>Fuente: El Litoral.<\/p>\n","protected":false},"excerpt":{"rendered":"<p>Un nuevo proceso de \u00abciclog\u00e9nesis\u00bb, la formaci\u00f3n de un cicl\u00f3n extra tropical, se desarrollar\u00e1 en Argentina a partir del mi\u00e9rcoles y afectar\u00e1 a Corrientes, junto a otras provincias del pa\u00eds, seg\u00fan inform\u00f3 el Servicio Meteorol\u00f3gico Nacional (SMN). El sistema de baja presi\u00f3n se formar\u00e1 en el Oc\u00e9ano Atl\u00e1ntico hacia el jueves, provocando lluvias persistentes en [&hellip;]<\/p>\n","protected":false},"author":2,"featured_media":17997,"comment_status":"closed","ping_status":"open","sticky":false,"template":"","format":"standard","meta":{"footnotes":""},"categories":[3],"tags":[42],"class_list":{"0":"post-17996","1":"post","2":"type-post","3":"status-publish","4":"format-standard","5":"has-post-thumbnail","7":"category-provinciales","8":"tag-featured"},"_links":{"self":[{"href":"https:\/\/zoomproducciones.com.ar\/zoomp\/wp-json\/wp\/v2\/posts\/17996","targetHints":{"allow":["GET"]}}],"collection":[{"href":"https:\/\/zoomproducciones.com.ar\/zoomp\/wp-json\/wp\/v2\/posts"}],"about":[{"href":"https:\/\/zoomproducciones.com.ar\/zoomp\/wp-json\/wp\/v2\/types\/post"}],"author":[{"embeddable":true,"href":"https:\/\/zoomproducciones.com.ar\/zoomp\/wp-json\/wp\/v2\/users\/2"}],"replies":[{"embeddable":true,"href":"https:\/\/zoomproducciones.com.ar\/zoomp\/wp-json\/wp\/v2\/comments?post=17996"}],"version-history":[{"count":2,"href":"https:\/\/zoomproducciones.com.ar\/zoomp\/wp-json\/wp\/v2\/posts\/17996\/revisions"}],"predecessor-version":[{"id":18028,"href":"https:\/\/zoomproducciones.com.ar\/zoomp\/wp-json\/wp\/v2\/posts\/17996\/revisions\/18028"}],"wp:featuredmedia":[{"embeddable":true,"href":"https:\/\/zoomproducciones.com.ar\/zoomp\/wp-json\/wp\/v2\/media\/17997"}],"wp:attachment":[{"href":"https:\/\/zoomproducciones.com.ar\/zoomp\/wp-json\/wp\/v2\/media?parent=17996"}],"wp:term":[{"taxonomy":"category","embeddable":true,"href":"https:\/\/zoomproducciones.com.ar\/zoomp\/wp-json\/wp\/v2\/categories?post=17996"},{"taxonomy":"post_tag","embeddable":true,"href":"https:\/\/zoomproducciones.com.ar\/zoomp\/wp-json\/wp\/v2\/tags?post=17996"}],"curies":[{"name":"wp","href":"https:\/\/api.w.org\/{rel}","templated":true}]}}