{"id":17985,"date":"2024-08-19T08:46:35","date_gmt":"2024-08-19T11:46:35","guid":{"rendered":"http:\/\/zoomproducciones.com.ar\/zoomp\/?p=17985"},"modified":"2024-08-19T08:46:35","modified_gmt":"2024-08-19T11:46:35","slug":"gobierno-de-milei-avanza-en-la-desregulacion-reforma-laboral-y-cambios-en-la-firma-digital-esta-seman","status":"publish","type":"post","link":"https:\/\/zoomproducciones.com.ar\/zoomp\/gobierno-de-milei-avanza-en-la-desregulacion-reforma-laboral-y-cambios-en-la-firma-digital-esta-seman\/","title":{"rendered":"Gobierno de Milei avanza en la desregulaci\u00f3n: reforma laboral y cambios en la firma digital esta seman"},"content":{"rendered":"\n<p>El ministro de Desregulaci\u00f3n y Transformaci\u00f3n del Estado, Federico Sturzenegger, anunci\u00f3 que esta semana se reglamentar\u00e1 el cap\u00edtulo de la reforma laboral de la Ley Bases, entre otras medidas que se trabajan en el Ejecutivo.<\/p>\n\n\n\n<p>\u00abSe viene m\u00e1s libertad\u00bb, asegur\u00f3 el funcionario en declaraciones a TN de Noche, destacando la visi\u00f3n del presidente Javier Milei sobre la necesidad de mayor libertad para los argentinos.<\/p>\n\n\n\n<p>Sturzenegger detall\u00f3 que los cambios comenzar\u00e1n con la eliminaci\u00f3n de reg\u00edmenes informativos, que ser\u00e1n anunciados por el secretario de Comercio este lunes. \u00abCompletamos la tarea que empezamos con el DNU 70. Esto liberar\u00e1 a muchas empresas de la carga de generar informaci\u00f3n que no se utilizaba\u00bb, explic\u00f3 el ministro.<\/p>\n\n\n\n<p>Adem\u00e1s, se espera que en los pr\u00f3ximos d\u00edas se anuncie la modificaci\u00f3n del r\u00e9gimen de firma digital.<\/p>\n\n\n\n<p>El ministro destac\u00f3 que la Ley Bases, aprobada por el Congreso, otorga amplias atribuciones al Ejecutivo para reformar el Estado. \u00abFue la ley que tuvo m\u00e1s tiempo de debate en la historia de Argentina. El Congreso ha dado mucha libertad a Milei para realizar una reforma importante en la estructura del Estado durante este primer a\u00f1o\u00bb, se\u00f1al\u00f3.<\/p>\n","protected":false},"excerpt":{"rendered":"<p>El ministro de Desregulaci\u00f3n y Transformaci\u00f3n del Estado, Federico Sturzenegger, anunci\u00f3 que esta semana se reglamentar\u00e1 el cap\u00edtulo de la reforma laboral de la Ley Bases, entre otras medidas que se trabajan en el Ejecutivo. \u00abSe viene m\u00e1s libertad\u00bb, asegur\u00f3 el funcionario en declaraciones a TN de Noche, destacando la visi\u00f3n del presidente Javier Milei [&hellip;]<\/p>\n","protected":false},"author":2,"featured_media":17989,"comment_status":"closed","ping_status":"open","sticky":false,"template":"","format":"standard","meta":{"footnotes":""},"categories":[8],"tags":[511],"class_list":{"0":"post-17985","1":"post","2":"type-post","3":"status-publish","4":"format-standard","5":"has-post-thumbnail","7":"category-nacionales","8":"tag-bloque-2"},"_links":{"self":[{"href":"https:\/\/zoomproducciones.com.ar\/zoomp\/wp-json\/wp\/v2\/posts\/17985","targetHints":{"allow":["GET"]}}],"collection":[{"href":"https:\/\/zoomproducciones.com.ar\/zoomp\/wp-json\/wp\/v2\/posts"}],"about":[{"href":"https:\/\/zoomproducciones.com.ar\/zoomp\/wp-json\/wp\/v2\/types\/post"}],"author":[{"embeddable":true,"href":"https:\/\/zoomproducciones.com.ar\/zoomp\/wp-json\/wp\/v2\/users\/2"}],"replies":[{"embeddable":true,"href":"https:\/\/zoomproducciones.com.ar\/zoomp\/wp-json\/wp\/v2\/comments?post=17985"}],"version-history":[{"count":1,"href":"https:\/\/zoomproducciones.com.ar\/zoomp\/wp-json\/wp\/v2\/posts\/17985\/revisions"}],"predecessor-version":[{"id":17990,"href":"https:\/\/zoomproducciones.com.ar\/zoomp\/wp-json\/wp\/v2\/posts\/17985\/revisions\/17990"}],"wp:featuredmedia":[{"embeddable":true,"href":"https:\/\/zoomproducciones.com.ar\/zoomp\/wp-json\/wp\/v2\/media\/17989"}],"wp:attachment":[{"href":"https:\/\/zoomproducciones.com.ar\/zoomp\/wp-json\/wp\/v2\/media?parent=17985"}],"wp:term":[{"taxonomy":"category","embeddable":true,"href":"https:\/\/zoomproducciones.com.ar\/zoomp\/wp-json\/wp\/v2\/categories?post=17985"},{"taxonomy":"post_tag","embeddable":true,"href":"https:\/\/zoomproducciones.com.ar\/zoomp\/wp-json\/wp\/v2\/tags?post=17985"}],"curies":[{"name":"wp","href":"https:\/\/api.w.org\/{rel}","templated":true}]}}