{"id":17978,"date":"2024-08-19T08:35:14","date_gmt":"2024-08-19T11:35:14","guid":{"rendered":"http:\/\/zoomproducciones.com.ar\/zoomp\/?p=17978"},"modified":"2024-08-19T08:35:14","modified_gmt":"2024-08-19T11:35:14","slug":"familiares-de-loan-pena-marcharon-en-9-de-julio-exigiendo-su-aparicion-con-vida-en-el-dia-de-la-ninez","status":"publish","type":"post","link":"https:\/\/zoomproducciones.com.ar\/zoomp\/familiares-de-loan-pena-marcharon-en-9-de-julio-exigiendo-su-aparicion-con-vida-en-el-dia-de-la-ninez\/","title":{"rendered":"Familiares de Loan Pe\u00f1a marcharon en 9 de Julio exigiendo su aparici\u00f3n con vida en el D\u00eda de la Ni\u00f1ez"},"content":{"rendered":"\n<p>En el D\u00eda de la Ni\u00f1ez, y a 66 d\u00edas de la desaparici\u00f3n de Loan Danilo Pe\u00f1a, <strong>sus familiares realizaron una marcha en la localidad correntina de 9 de Julio<\/strong> para exigir su aparici\u00f3n con vida. La movilizaci\u00f3n, que tambi\u00e9n incluy\u00f3 una concentraci\u00f3n en la capital provincial, parti\u00f3 este domingo desde la plaza central, donde los padres del ni\u00f1o, Mar\u00eda Noguera y Jos\u00e9 Pe\u00f1a, encabezaron la marcha con una bandera que dec\u00eda <strong>\u00abArgentina quiere a Loan\u00bb.<\/strong><\/p>\n\n\n\n<p>La marcha estuvo acompa\u00f1ada por cientos de vecinos que portaron globos azules y blancos en se\u00f1al de apoyo.<\/p>\n\n\n\n<p>Mar\u00eda Noguera, la madre de Loan, expres\u00f3 su dolor en un d\u00eda que deber\u00eda ser de celebraci\u00f3n para un ni\u00f1o de cinco a\u00f1os<strong>. \u00abEs un d\u00eda especial, pero no podemos festejar porque no tenemos a Loan\u00bb<\/strong>, dijo la mujer. <strong>\u00abVamos a seguir pidiendo justicia para que aparezca sano y salvo\u00bb<\/strong>, afirm\u00f3.<\/p>\n\n\n\n<p>El momento m\u00e1s tenso de la marcha se produjo cuando los familiares llegaron a la casa de la t\u00eda del ni\u00f1o, Laudelina, quien se encuentra detenida como una de las sospechosas de su desaparici\u00f3n. Mar\u00eda Noguera le reclam\u00f3 a la hija de Laudelina que dijera la verdad sobre lo sucedido. <strong>\u00abDecile a tu mam\u00e1 que diga la verdad, qu\u00e9 hicieron con Loan\u00bb<\/strong>, exigi\u00f3 la madre de Loan.<\/p>\n\n\n\n<p>Jos\u00e9 Pe\u00f1a, hermano de Loan, tambi\u00e9n se expres\u00f3 con angustia: \u00ab<strong>No puede ser que no sepamos nada. Vamos a seguir pidiendo justicia hasta que alguien nos d\u00e9 una respuesta<\/strong>\u00ab.<\/p>\n\n\n\n<p>En relaci\u00f3n a la hip\u00f3tesis de un posible accidente, Jos\u00e9 Pe\u00f1a descart\u00f3 esa posibilidad. \u00abPara m\u00ed es todo un invento\u00bb, afirm\u00f3. \u00abVamos a insistir en que nos den detalles de la investigaci\u00f3n y que los imputados nos cuenten todo lo que saben\u00bb.<\/p>\n","protected":false},"excerpt":{"rendered":"<p>En el D\u00eda de la Ni\u00f1ez, y a 66 d\u00edas de la desaparici\u00f3n de Loan Danilo Pe\u00f1a, sus familiares realizaron una marcha en la localidad correntina de 9 de Julio para exigir su aparici\u00f3n con vida. La movilizaci\u00f3n, que tambi\u00e9n incluy\u00f3 una concentraci\u00f3n en la capital provincial, parti\u00f3 este domingo desde la plaza central, donde [&hellip;]<\/p>\n","protected":false},"author":2,"featured_media":17979,"comment_status":"closed","ping_status":"open","sticky":false,"template":"","format":"standard","meta":{"footnotes":""},"categories":[533],"tags":[511],"class_list":{"0":"post-17978","1":"post","2":"type-post","3":"status-publish","4":"format-standard","5":"has-post-thumbnail","7":"category-caso-loan","8":"tag-bloque-2"},"_links":{"self":[{"href":"https:\/\/zoomproducciones.com.ar\/zoomp\/wp-json\/wp\/v2\/posts\/17978","targetHints":{"allow":["GET"]}}],"collection":[{"href":"https:\/\/zoomproducciones.com.ar\/zoomp\/wp-json\/wp\/v2\/posts"}],"about":[{"href":"https:\/\/zoomproducciones.com.ar\/zoomp\/wp-json\/wp\/v2\/types\/post"}],"author":[{"embeddable":true,"href":"https:\/\/zoomproducciones.com.ar\/zoomp\/wp-json\/wp\/v2\/users\/2"}],"replies":[{"embeddable":true,"href":"https:\/\/zoomproducciones.com.ar\/zoomp\/wp-json\/wp\/v2\/comments?post=17978"}],"version-history":[{"count":1,"href":"https:\/\/zoomproducciones.com.ar\/zoomp\/wp-json\/wp\/v2\/posts\/17978\/revisions"}],"predecessor-version":[{"id":17981,"href":"https:\/\/zoomproducciones.com.ar\/zoomp\/wp-json\/wp\/v2\/posts\/17978\/revisions\/17981"}],"wp:featuredmedia":[{"embeddable":true,"href":"https:\/\/zoomproducciones.com.ar\/zoomp\/wp-json\/wp\/v2\/media\/17979"}],"wp:attachment":[{"href":"https:\/\/zoomproducciones.com.ar\/zoomp\/wp-json\/wp\/v2\/media?parent=17978"}],"wp:term":[{"taxonomy":"category","embeddable":true,"href":"https:\/\/zoomproducciones.com.ar\/zoomp\/wp-json\/wp\/v2\/categories?post=17978"},{"taxonomy":"post_tag","embeddable":true,"href":"https:\/\/zoomproducciones.com.ar\/zoomp\/wp-json\/wp\/v2\/tags?post=17978"}],"curies":[{"name":"wp","href":"https:\/\/api.w.org\/{rel}","templated":true}]}}