{"id":17962,"date":"2024-08-19T08:21:47","date_gmt":"2024-08-19T11:21:47","guid":{"rendered":"http:\/\/zoomproducciones.com.ar\/zoomp\/?p=17962"},"modified":"2024-08-19T08:21:48","modified_gmt":"2024-08-19T11:21:48","slug":"fabiola-yanez-pierde-telefono-con-chats-de-alberto-fernandez-la-justicia-buscara-reconstruir-la-evidencia","status":"publish","type":"post","link":"https:\/\/zoomproducciones.com.ar\/zoomp\/fabiola-yanez-pierde-telefono-con-chats-de-alberto-fernandez-la-justicia-buscara-reconstruir-la-evidencia\/","title":{"rendered":"Fabiola Ya\u00f1ez pierde tel\u00e9fono con chats de Alberto Fern\u00e1ndez: la Justicia buscar\u00e1 reconstruir la evidencia"},"content":{"rendered":"\n<p>La ex primera dama Fabiola Ya\u00f1ez declar\u00f3 ante la Justicia que perdi\u00f3 el tel\u00e9fono celular que conten\u00eda las conversaciones con el ex presidente Alberto Fern\u00e1ndez, las cuales podr\u00edan evidenciar episodios de violencia de g\u00e9nero.<\/p>\n\n\n\n<p>Ya\u00f1ez explic\u00f3 que el tel\u00e9fono se extravi\u00f3 durante una mudanza en Espa\u00f1a, donde resid\u00eda con Fern\u00e1ndez. A pesar de la p\u00e9rdida, la Justicia conf\u00eda en reconstruir las conversaciones a partir de las capturas de pantalla de las conversaciones previas a 2024 que Ya\u00f1ez ha presentado como evidencia.<\/p>\n\n\n\n<p>Fern\u00e1ndez, por su parte, ha alegado que tambi\u00e9n \u00abdesaparecieron\u00bb sus chats con Ya\u00f1ez entre los a\u00f1os 2022 y 2023, argumentando que no puede corroborar el contenido de las conversaciones.<\/p>\n\n\n\n<p>La pr\u00f3xima semana, Ya\u00f1ez deber\u00e1 presentar ante la Justicia los chats de las \u00faltimas semanas, los cuales podr\u00edan demostrar que Fern\u00e1ndez viol\u00f3 la orden judicial de no comunicarse con ella.<\/p>\n\n\n\n<p>La causa por lesiones graves y violencia de g\u00e9nero contra Fern\u00e1ndez a\u00fan se encuentra en los tribunales de Comodoro Py, a pesar de la solicitud del ex presidente para que el caso se transfiera a San Isidro, alegando que la quinta de Olivos, donde habr\u00edan ocurrido algunos de los hechos, pertenece a esa jurisdicci\u00f3n.<\/p>\n\n\n\n<p>La abogada de Ya\u00f1ez, Mariana Gallego, ha argumentado en contra de la transferencia, remarcando que los hechos de violencia comenzaron en el barrio de Puerto Madero en 2016.<\/p>\n\n\n\n<p>La decisi\u00f3n final sobre la competencia del caso recaer\u00e1 en el fiscal Ramiro Gonz\u00e1lez y posteriormente en el juez Ercolini.<\/p>\n","protected":false},"excerpt":{"rendered":"<p>La ex primera dama Fabiola Ya\u00f1ez declar\u00f3 ante la Justicia que perdi\u00f3 el tel\u00e9fono celular que conten\u00eda las conversaciones con el ex presidente Alberto Fern\u00e1ndez, las cuales podr\u00edan evidenciar episodios de violencia de g\u00e9nero. Ya\u00f1ez explic\u00f3 que el tel\u00e9fono se extravi\u00f3 durante una mudanza en Espa\u00f1a, donde resid\u00eda con Fern\u00e1ndez. A pesar de la p\u00e9rdida, [&hellip;]<\/p>\n","protected":false},"author":2,"featured_media":17877,"comment_status":"closed","ping_status":"open","sticky":false,"template":"","format":"standard","meta":{"footnotes":""},"categories":[8],"tags":[42],"class_list":{"0":"post-17962","1":"post","2":"type-post","3":"status-publish","4":"format-standard","5":"has-post-thumbnail","7":"category-nacionales","8":"tag-featured"},"_links":{"self":[{"href":"https:\/\/zoomproducciones.com.ar\/zoomp\/wp-json\/wp\/v2\/posts\/17962","targetHints":{"allow":["GET"]}}],"collection":[{"href":"https:\/\/zoomproducciones.com.ar\/zoomp\/wp-json\/wp\/v2\/posts"}],"about":[{"href":"https:\/\/zoomproducciones.com.ar\/zoomp\/wp-json\/wp\/v2\/types\/post"}],"author":[{"embeddable":true,"href":"https:\/\/zoomproducciones.com.ar\/zoomp\/wp-json\/wp\/v2\/users\/2"}],"replies":[{"embeddable":true,"href":"https:\/\/zoomproducciones.com.ar\/zoomp\/wp-json\/wp\/v2\/comments?post=17962"}],"version-history":[{"count":1,"href":"https:\/\/zoomproducciones.com.ar\/zoomp\/wp-json\/wp\/v2\/posts\/17962\/revisions"}],"predecessor-version":[{"id":17968,"href":"https:\/\/zoomproducciones.com.ar\/zoomp\/wp-json\/wp\/v2\/posts\/17962\/revisions\/17968"}],"wp:featuredmedia":[{"embeddable":true,"href":"https:\/\/zoomproducciones.com.ar\/zoomp\/wp-json\/wp\/v2\/media\/17877"}],"wp:attachment":[{"href":"https:\/\/zoomproducciones.com.ar\/zoomp\/wp-json\/wp\/v2\/media?parent=17962"}],"wp:term":[{"taxonomy":"category","embeddable":true,"href":"https:\/\/zoomproducciones.com.ar\/zoomp\/wp-json\/wp\/v2\/categories?post=17962"},{"taxonomy":"post_tag","embeddable":true,"href":"https:\/\/zoomproducciones.com.ar\/zoomp\/wp-json\/wp\/v2\/tags?post=17962"}],"curies":[{"name":"wp","href":"https:\/\/api.w.org\/{rel}","templated":true}]}}