{"id":17959,"date":"2024-08-16T10:25:01","date_gmt":"2024-08-16T13:25:01","guid":{"rendered":"http:\/\/zoomproducciones.com.ar\/zoomp\/?p=17959"},"modified":"2024-08-16T10:25:02","modified_gmt":"2024-08-16T13:25:02","slug":"llegaran-mas-de-54-agrupaciones-tradicionalistas-por-el-homenaje-a-san-martin-en-yapeyu","status":"publish","type":"post","link":"https:\/\/zoomproducciones.com.ar\/zoomp\/llegaran-mas-de-54-agrupaciones-tradicionalistas-por-el-homenaje-a-san-martin-en-yapeyu\/","title":{"rendered":"Llegar\u00e1n m\u00e1s de 54 agrupaciones tradicionalistas por el homenaje a San Mart\u00edn en Yapey\u00fa"},"content":{"rendered":"\n<ul id=\"compartir\" class=\"wp-block-list\"><\/ul>\n\n\n\n<p>Llegar\u00e1n m\u00e1s de 54 agrupaciones tradicionalistas por el homenaje a San Mart\u00edn en Yapey\u00fa.&nbsp;El viceintendente de la localidad, Gabriel Barrios, cont\u00f3 a Hoja de Ruta que ya est\u00e1 colmada la capacidad hotelera hace 15 d\u00edas.<\/p>\n\n\n\n<p>\u00abNosotros hace ya 12 a\u00f1os que venimos con una metodolog\u00eda de rendirle homenaje al Padre de la Patria. A trav\u00e9s de la m\u00fasica y\u00a0de la cultura rendimos homenaje al Padre de la Patria\u00a0y con la expectativa que tenemos todos los a\u00f1os, que la gente nos visite, que se sienta a gusto\u00bb, destac\u00f3 Barrios. Indic\u00f3 que Yapey\u00fa tiene 280 camas habilitadas de las cuales est\u00e1n colmadas hace al menos 15 d\u00edas.\u00a0<\/p>\n\n\n\n<p>Sobre la posible presencia de autoridades nacionales, Barrios descart\u00f3 hasta el momento. \u00abOficialmente, el municipio no tiene esa informaci\u00f3n\u00bb. En tanto, confirm\u00f3 la presencia del gobernador de Corrientes a partir del 16 de agosto. \u00abOjal\u00e1 que nos pueda visitar el Presidente y que pueda venir a brindar su homenaje a nuestro General, como lo hacen cada ciudadano de nuestro pa\u00eds\u00bb, sum\u00f3.<\/p>\n\n\n\n<p>Uno de los atractivos m\u00e1s traidicionales de este festejo son los jinetes a caballo que participan en las actividades del 17 de agosto. \u00abEst\u00e1 previsto y a\u00f1o a a\u00f1o va creciendo. Nosotros, el a\u00f1o pasado, tuvimos 54 agrupaciones tradicionalistas que ven\u00edan a Yapey\u00fa.. Hasta el d\u00eda de hoy\u00a0ya llegamos a ese n\u00famero y va a crecer porque seguimos recibiendo llamadas\u00bb, sostuvo.\u00a0Son en total, m\u00e1s otras instituciones, alrededor de 35.000 personas, seg\u00fan explic\u00f3.\u00a0<\/p>\n\n\n\n<p>Las actividades en Yapey\u00fa comenzar\u00e1n el 16 de agosto con el Festival del Libertador. En tanto, los actos centrales ser\u00e1n el 17 desde el mediod\u00eda con el acto central y posterior desfile c\u00edvico militar.<\/p>\n","protected":false},"excerpt":{"rendered":"<p>Llegar\u00e1n m\u00e1s de 54 agrupaciones tradicionalistas por el homenaje a San Mart\u00edn en Yapey\u00fa.&nbsp;El viceintendente de la localidad, Gabriel Barrios, cont\u00f3 a Hoja de Ruta que ya est\u00e1 colmada la capacidad hotelera hace 15 d\u00edas. \u00abNosotros hace ya 12 a\u00f1os que venimos con una metodolog\u00eda de rendirle homenaje al Padre de la Patria. A trav\u00e9s [&hellip;]<\/p>\n","protected":false},"author":3,"featured_media":17960,"comment_status":"closed","ping_status":"open","sticky":false,"template":"","format":"standard","meta":{"footnotes":""},"categories":[3],"tags":[511],"class_list":{"0":"post-17959","1":"post","2":"type-post","3":"status-publish","4":"format-standard","5":"has-post-thumbnail","7":"category-provinciales","8":"tag-bloque-2"},"_links":{"self":[{"href":"https:\/\/zoomproducciones.com.ar\/zoomp\/wp-json\/wp\/v2\/posts\/17959","targetHints":{"allow":["GET"]}}],"collection":[{"href":"https:\/\/zoomproducciones.com.ar\/zoomp\/wp-json\/wp\/v2\/posts"}],"about":[{"href":"https:\/\/zoomproducciones.com.ar\/zoomp\/wp-json\/wp\/v2\/types\/post"}],"author":[{"embeddable":true,"href":"https:\/\/zoomproducciones.com.ar\/zoomp\/wp-json\/wp\/v2\/users\/3"}],"replies":[{"embeddable":true,"href":"https:\/\/zoomproducciones.com.ar\/zoomp\/wp-json\/wp\/v2\/comments?post=17959"}],"version-history":[{"count":1,"href":"https:\/\/zoomproducciones.com.ar\/zoomp\/wp-json\/wp\/v2\/posts\/17959\/revisions"}],"predecessor-version":[{"id":17961,"href":"https:\/\/zoomproducciones.com.ar\/zoomp\/wp-json\/wp\/v2\/posts\/17959\/revisions\/17961"}],"wp:featuredmedia":[{"embeddable":true,"href":"https:\/\/zoomproducciones.com.ar\/zoomp\/wp-json\/wp\/v2\/media\/17960"}],"wp:attachment":[{"href":"https:\/\/zoomproducciones.com.ar\/zoomp\/wp-json\/wp\/v2\/media?parent=17959"}],"wp:term":[{"taxonomy":"category","embeddable":true,"href":"https:\/\/zoomproducciones.com.ar\/zoomp\/wp-json\/wp\/v2\/categories?post=17959"},{"taxonomy":"post_tag","embeddable":true,"href":"https:\/\/zoomproducciones.com.ar\/zoomp\/wp-json\/wp\/v2\/tags?post=17959"}],"curies":[{"name":"wp","href":"https:\/\/api.w.org\/{rel}","templated":true}]}}