{"id":17878,"date":"2024-08-14T08:40:49","date_gmt":"2024-08-14T11:40:49","guid":{"rendered":"http:\/\/zoomproducciones.com.ar\/zoomp\/?p=17878"},"modified":"2024-08-14T08:40:50","modified_gmt":"2024-08-14T11:40:50","slug":"cristina-kirchner-declara-hoy-en-el-juicio-por-el-intento-de-magnicidio","status":"publish","type":"post","link":"https:\/\/zoomproducciones.com.ar\/zoomp\/cristina-kirchner-declara-hoy-en-el-juicio-por-el-intento-de-magnicidio\/","title":{"rendered":"Cristina Kirchner declara hoy en el juicio por el intento de magnicidio"},"content":{"rendered":"\n<p>La ex presidenta Cristina Fern\u00e1ndez de Kirchner declarar\u00e1 hoy a las 9.30 en el juicio por el intento de magnicidio que sufri\u00f3 en 2022, con los integrantes de \u00abLa banda de los copitos\u00bb como acusados. La audiencia, en los tribunales federales de Comodoro Py, ser\u00e1 seguida con atenci\u00f3n por la opini\u00f3n p\u00fablica.<\/p>\n\n\n\n<p><strong>Puntos clave del juicio:<\/strong><\/p>\n\n\n\n<ul class=\"wp-block-list\">\n<li><strong>Acusados:<\/strong>\u00a0Fernando Sabag Montiel, Brenda Uliarte y Nicol\u00e1s Carrizo, procesados por el intento de magnicidio ocurrido el 1\u00b0 de septiembre de 2022, cuando Cristina Kirchner era vicepresidenta.<\/li>\n\n\n\n<li><strong>Declaraci\u00f3n de la ex presidenta:<\/strong>\u00a0Se espera la presencia de dirigentes y representantes sociales en apoyo a la ex mandataria, quien luego de declarar se dirigir\u00e1 al Instituto Patria para saludar a organizaciones que la recibir\u00e1n.<\/li>\n\n\n\n<li><strong>Cr\u00edticas a la investigaci\u00f3n:<\/strong>\u00a0Desde el entorno de la ex presidenta se critica que la investigaci\u00f3n no ha profundizado en los autores intelectuales, v\u00ednculos pol\u00edticos y financiamiento del atentado, ni en las supuestas organizaciones ultraviolentas que habr\u00edan rodeado a los atacantes.<\/li>\n\n\n\n<li><strong>Testigos:<\/strong>\u00a0El Tribunal Oral Federal N\u00b0 6 ha convocado a casi 300 testigos, incluyendo figuras pol\u00edticas, personal de seguridad, personas del entorno de los acusados y expertos.<\/li>\n\n\n\n<li><strong>Cargos:<\/strong>\u00a0Sabag Montiel, Uliarte y Carrizo enfrentan cargos por tentativa de homicidio doblemente calificado, con agravantes por alevos\u00eda, concurso premeditado y uso de arma de fuego.<\/li>\n\n\n\n<li><strong>La \u00abBanda de los Copitos\u00bb:<\/strong>\u00a0El grupo utilizaba la venta de copos de az\u00facar como fachada mientras vigilaban la vivienda de Kirchner y se integraban a las concentraciones de apoyo.<\/li>\n\n\n\n<li><strong>Duraci\u00f3n del juicio:<\/strong>\u00a0Se estima que se extender\u00e1 entre seis meses y un a\u00f1o debido a la cantidad de testigos y la complejidad del caso.<\/li>\n<\/ul>\n","protected":false},"excerpt":{"rendered":"<p>La ex presidenta Cristina Fern\u00e1ndez de Kirchner declarar\u00e1 hoy a las 9.30 en el juicio por el intento de magnicidio que sufri\u00f3 en 2022, con los integrantes de \u00abLa banda de los copitos\u00bb como acusados. La audiencia, en los tribunales federales de Comodoro Py, ser\u00e1 seguida con atenci\u00f3n por la opini\u00f3n p\u00fablica. Puntos clave del [&hellip;]<\/p>\n","protected":false},"author":2,"featured_media":17879,"comment_status":"closed","ping_status":"open","sticky":false,"template":"","format":"standard","meta":{"footnotes":""},"categories":[8],"tags":[42],"class_list":{"0":"post-17878","1":"post","2":"type-post","3":"status-publish","4":"format-standard","5":"has-post-thumbnail","7":"category-nacionales","8":"tag-featured"},"_links":{"self":[{"href":"https:\/\/zoomproducciones.com.ar\/zoomp\/wp-json\/wp\/v2\/posts\/17878","targetHints":{"allow":["GET"]}}],"collection":[{"href":"https:\/\/zoomproducciones.com.ar\/zoomp\/wp-json\/wp\/v2\/posts"}],"about":[{"href":"https:\/\/zoomproducciones.com.ar\/zoomp\/wp-json\/wp\/v2\/types\/post"}],"author":[{"embeddable":true,"href":"https:\/\/zoomproducciones.com.ar\/zoomp\/wp-json\/wp\/v2\/users\/2"}],"replies":[{"embeddable":true,"href":"https:\/\/zoomproducciones.com.ar\/zoomp\/wp-json\/wp\/v2\/comments?post=17878"}],"version-history":[{"count":1,"href":"https:\/\/zoomproducciones.com.ar\/zoomp\/wp-json\/wp\/v2\/posts\/17878\/revisions"}],"predecessor-version":[{"id":17880,"href":"https:\/\/zoomproducciones.com.ar\/zoomp\/wp-json\/wp\/v2\/posts\/17878\/revisions\/17880"}],"wp:featuredmedia":[{"embeddable":true,"href":"https:\/\/zoomproducciones.com.ar\/zoomp\/wp-json\/wp\/v2\/media\/17879"}],"wp:attachment":[{"href":"https:\/\/zoomproducciones.com.ar\/zoomp\/wp-json\/wp\/v2\/media?parent=17878"}],"wp:term":[{"taxonomy":"category","embeddable":true,"href":"https:\/\/zoomproducciones.com.ar\/zoomp\/wp-json\/wp\/v2\/categories?post=17878"},{"taxonomy":"post_tag","embeddable":true,"href":"https:\/\/zoomproducciones.com.ar\/zoomp\/wp-json\/wp\/v2\/tags?post=17878"}],"curies":[{"name":"wp","href":"https:\/\/api.w.org\/{rel}","templated":true}]}}