{"id":17858,"date":"2024-08-13T08:42:46","date_gmt":"2024-08-13T11:42:46","guid":{"rendered":"http:\/\/zoomproducciones.com.ar\/zoomp\/?p=17858"},"modified":"2024-08-13T08:42:47","modified_gmt":"2024-08-13T11:42:47","slug":"milei-celebra-cierre-de-ministerio-de-la-mujer-e-inadi-eran-antros-de-persecucion-ideologica","status":"publish","type":"post","link":"https:\/\/zoomproducciones.com.ar\/zoomp\/milei-celebra-cierre-de-ministerio-de-la-mujer-e-inadi-eran-antros-de-persecucion-ideologica\/","title":{"rendered":"Milei celebra cierre de Ministerio de la Mujer e INADI: \u00bberan antros de persecuci\u00f3n ideol\u00f3gica\u00bb"},"content":{"rendered":"\n<p>El presidente Javier Milei celebr\u00f3 este lunes el cierre del Ministerio de la Mujer y el INADI, asegurando que eran \u00abantros de persecuci\u00f3n ideol\u00f3gica\u00bb, en el contexto de la denuncia de violencia de g\u00e9nero que la ex primera dama Fabiola Ya\u00f1ez present\u00f3 contra el ex presidente Alberto Fern\u00e1ndez.<\/p>\n\n\n\n<p>Milei, en un mensaje en Twitter, se refiri\u00f3 a la declaraci\u00f3n de Ya\u00f1ez, quien asegur\u00f3 que acudi\u00f3 a la entonces ministra Ayel\u00e9n Mazzina para pedir ayuda, pero no recibi\u00f3 asistencia. El mandatario aprovech\u00f3 la situaci\u00f3n para criticar la \u00abagenda de g\u00e9nero\u00bb del kirchnerismo, calific\u00e1ndola de herramienta para perseguir opositores.<\/p>\n\n\n\n<p>Adem\u00e1s, arremeti\u00f3 contra la periodista Julia Mengolini, quien cuestion\u00f3 la denuncia de Ya\u00f1ez con la frase: \u00abCuando dec\u00edamos \u00b4te creo, hermana\u00b4 no es tan literal; que lo demuestre\u00bb.<\/p>\n\n\n\n<p>Milei, en tono ir\u00f3nico, acus\u00f3 a Mengolini de difundir \u00abmentiras\u00bb sobre su vida privada, como que duerme con sus ocho perros y que tiene relaciones con su hermana.<\/p>\n\n\n\n<p>El mandatario tambi\u00e9n se defendi\u00f3 de las acusaciones sobre su vida personal, explicando que sus perros son mastines ingleses de gran tama\u00f1o, y que es imposible que entren dos en su cama si \u00e9l est\u00e1 en ella.<\/p>\n","protected":false},"excerpt":{"rendered":"<p>El presidente Javier Milei celebr\u00f3 este lunes el cierre del Ministerio de la Mujer y el INADI, asegurando que eran \u00abantros de persecuci\u00f3n ideol\u00f3gica\u00bb, en el contexto de la denuncia de violencia de g\u00e9nero que la ex primera dama Fabiola Ya\u00f1ez present\u00f3 contra el ex presidente Alberto Fern\u00e1ndez. Milei, en un mensaje en Twitter, se [&hellip;]<\/p>\n","protected":false},"author":2,"featured_media":17859,"comment_status":"closed","ping_status":"open","sticky":false,"template":"","format":"standard","meta":{"footnotes":""},"categories":[8],"tags":[511],"class_list":{"0":"post-17858","1":"post","2":"type-post","3":"status-publish","4":"format-standard","5":"has-post-thumbnail","7":"category-nacionales","8":"tag-bloque-2"},"_links":{"self":[{"href":"https:\/\/zoomproducciones.com.ar\/zoomp\/wp-json\/wp\/v2\/posts\/17858","targetHints":{"allow":["GET"]}}],"collection":[{"href":"https:\/\/zoomproducciones.com.ar\/zoomp\/wp-json\/wp\/v2\/posts"}],"about":[{"href":"https:\/\/zoomproducciones.com.ar\/zoomp\/wp-json\/wp\/v2\/types\/post"}],"author":[{"embeddable":true,"href":"https:\/\/zoomproducciones.com.ar\/zoomp\/wp-json\/wp\/v2\/users\/2"}],"replies":[{"embeddable":true,"href":"https:\/\/zoomproducciones.com.ar\/zoomp\/wp-json\/wp\/v2\/comments?post=17858"}],"version-history":[{"count":1,"href":"https:\/\/zoomproducciones.com.ar\/zoomp\/wp-json\/wp\/v2\/posts\/17858\/revisions"}],"predecessor-version":[{"id":17862,"href":"https:\/\/zoomproducciones.com.ar\/zoomp\/wp-json\/wp\/v2\/posts\/17858\/revisions\/17862"}],"wp:featuredmedia":[{"embeddable":true,"href":"https:\/\/zoomproducciones.com.ar\/zoomp\/wp-json\/wp\/v2\/media\/17859"}],"wp:attachment":[{"href":"https:\/\/zoomproducciones.com.ar\/zoomp\/wp-json\/wp\/v2\/media?parent=17858"}],"wp:term":[{"taxonomy":"category","embeddable":true,"href":"https:\/\/zoomproducciones.com.ar\/zoomp\/wp-json\/wp\/v2\/categories?post=17858"},{"taxonomy":"post_tag","embeddable":true,"href":"https:\/\/zoomproducciones.com.ar\/zoomp\/wp-json\/wp\/v2\/tags?post=17858"}],"curies":[{"name":"wp","href":"https:\/\/api.w.org\/{rel}","templated":true}]}}