{"id":17856,"date":"2024-08-13T08:42:51","date_gmt":"2024-08-13T11:42:51","guid":{"rendered":"http:\/\/zoomproducciones.com.ar\/zoomp\/?p=17856"},"modified":"2024-08-13T08:42:51","modified_gmt":"2024-08-13T11:42:51","slug":"tamara-pettinato-denuncia-acoso-y-amenazas-tras-la-difusion-de-imagenes-con-alberto-fernandez","status":"publish","type":"post","link":"https:\/\/zoomproducciones.com.ar\/zoomp\/tamara-pettinato-denuncia-acoso-y-amenazas-tras-la-difusion-de-imagenes-con-alberto-fernandez\/","title":{"rendered":"Tamara Pettinato denuncia acoso y amenazas tras la difusi\u00f3n de im\u00e1genes con Alberto Fern\u00e1ndez"},"content":{"rendered":"\n<p>Tamara Pettinato, conductora televisiva, public\u00f3 un extenso descargo en sus redes sociales tras la difusi\u00f3n de im\u00e1genes junto al ex presidente Alberto Fern\u00e1ndez. <strong>La joven asegura que \u00abnunca le sac\u00f3 beneficio\u00bb a ese v\u00ednculo y que \u00abla est\u00e1n usando\u00bb <\/strong>para desviar la atenci\u00f3n de la denuncia por violencia de g\u00e9nero contra el exmandatario.<\/p>\n\n\n\n<p>Pettinato <strong>denuncia una \u00abcampa\u00f1a de hostigamiento\u00bb en su contra<\/strong>, con innumerables acosos y amenazas, tanto p\u00fablicas como privadas, que incluyen mensajes intimidatorios y falsas informaciones.<\/p>\n\n\n\n<p>En su descargo, la conductora aclara que <strong>las im\u00e1genes corresponden a un almuerzo con Fern\u00e1ndez en enero de 2022,<\/strong> tras una entrevista para un documental sobre las relaciones de China con Argentina. Desmiente que las circunstancias en que se grabaron las im\u00e1genes sean las que se est\u00e1n difundiendo y critica la utilizaci\u00f3n de su persona para desviar la atenci\u00f3n de la denuncia de Fabiola Ya\u00f1ez.<\/p>\n\n\n\n<p>Respecto a su trabajo para la Secretar\u00eda de Comercio de la Naci\u00f3n, <strong>Pettinato aclara que fue contratada por una productora privada y que nunca cobr\u00f3 el monto que se est\u00e1 difundiendo<\/strong>. Asegura que no recibi\u00f3 ninguna recomendaci\u00f3n y que este fue su \u00fanico trabajo relacionado con el Estado, que dur\u00f3 un solo d\u00eda en noviembre de 2022.<\/p>\n\n\n\n<p><strong>\u00abNunca le saqu\u00e9 beneficio a mi v\u00ednculo con el expresidente\u00bb, <\/strong>afirma Pettinato, cuestionando la hipocres\u00eda de defender a una v\u00edctima de violencia de g\u00e9nero revictimizando a otra mujer.<\/p>\n\n\n\n<p>La conductora finaliza su comunicado pidiendo que se respete su persona y que se deje de utilizar su nombre para valoraciones morales en el marco de una situaci\u00f3n que la excede.<\/p>\n","protected":false},"excerpt":{"rendered":"<p>Tamara Pettinato, conductora televisiva, public\u00f3 un extenso descargo en sus redes sociales tras la difusi\u00f3n de im\u00e1genes junto al ex presidente Alberto Fern\u00e1ndez. La joven asegura que \u00abnunca le sac\u00f3 beneficio\u00bb a ese v\u00ednculo y que \u00abla est\u00e1n usando\u00bb para desviar la atenci\u00f3n de la denuncia por violencia de g\u00e9nero contra el exmandatario. Pettinato denuncia [&hellip;]<\/p>\n","protected":false},"author":2,"featured_media":17857,"comment_status":"closed","ping_status":"open","sticky":false,"template":"","format":"standard","meta":{"footnotes":""},"categories":[5],"tags":[511],"class_list":{"0":"post-17856","1":"post","2":"type-post","3":"status-publish","4":"format-standard","5":"has-post-thumbnail","7":"category-locales","8":"tag-bloque-2"},"_links":{"self":[{"href":"https:\/\/zoomproducciones.com.ar\/zoomp\/wp-json\/wp\/v2\/posts\/17856","targetHints":{"allow":["GET"]}}],"collection":[{"href":"https:\/\/zoomproducciones.com.ar\/zoomp\/wp-json\/wp\/v2\/posts"}],"about":[{"href":"https:\/\/zoomproducciones.com.ar\/zoomp\/wp-json\/wp\/v2\/types\/post"}],"author":[{"embeddable":true,"href":"https:\/\/zoomproducciones.com.ar\/zoomp\/wp-json\/wp\/v2\/users\/2"}],"replies":[{"embeddable":true,"href":"https:\/\/zoomproducciones.com.ar\/zoomp\/wp-json\/wp\/v2\/comments?post=17856"}],"version-history":[{"count":1,"href":"https:\/\/zoomproducciones.com.ar\/zoomp\/wp-json\/wp\/v2\/posts\/17856\/revisions"}],"predecessor-version":[{"id":17864,"href":"https:\/\/zoomproducciones.com.ar\/zoomp\/wp-json\/wp\/v2\/posts\/17856\/revisions\/17864"}],"wp:featuredmedia":[{"embeddable":true,"href":"https:\/\/zoomproducciones.com.ar\/zoomp\/wp-json\/wp\/v2\/media\/17857"}],"wp:attachment":[{"href":"https:\/\/zoomproducciones.com.ar\/zoomp\/wp-json\/wp\/v2\/media?parent=17856"}],"wp:term":[{"taxonomy":"category","embeddable":true,"href":"https:\/\/zoomproducciones.com.ar\/zoomp\/wp-json\/wp\/v2\/categories?post=17856"},{"taxonomy":"post_tag","embeddable":true,"href":"https:\/\/zoomproducciones.com.ar\/zoomp\/wp-json\/wp\/v2\/tags?post=17856"}],"curies":[{"name":"wp","href":"https:\/\/api.w.org\/{rel}","templated":true}]}}