{"id":1785,"date":"2022-11-18T07:59:39","date_gmt":"2022-11-18T10:59:39","guid":{"rendered":"http:\/\/zoomproducciones.com.ar\/zoomp\/?p=1785"},"modified":"2022-11-18T07:59:40","modified_gmt":"2022-11-18T10:59:40","slug":"angel-correa-y-thiago-almada-se-suman-a-la-seleccion","status":"publish","type":"post","link":"https:\/\/zoomproducciones.com.ar\/zoomp\/angel-correa-y-thiago-almada-se-suman-a-la-seleccion\/","title":{"rendered":"\u00c1ngel Correa y Thiago Almada se suman a la Selecci\u00f3n"},"content":{"rendered":"\n<p>Nicol\u00e1s Gonz\u00e1lez y Joaqu\u00edn Correa<strong>&nbsp;fueron excluidos del plantel de 26 integrantes del seleccionado argentino<\/strong>&nbsp;que debutar\u00e1 el pr\u00f3ximo martes ante Arabia Saudita en el Mundial de Qatar por sendas lesiones y son reemplazados por \u00c1ngel Correa y Thiago Almada, respectivamente, inform\u00f3 oficialmente esta tarde la Asociaci\u00f3n del F\u00fatbol Argentino.<\/p>\n\n\n\n<p>En lugar de Gonz\u00e1lez, jugador de Fiorentina (Italia), fue convocado \u00c1ngel Correa, delantero de Atl\u00e9tico de Madrid, mientras que\u00a0por el tucumano Joaqu\u00edn Correa ingres\u00f3 Thiago Almada, de Atlanta United,\u00a0equipo de la Major League Soccer estadounidense.<\/p>\n\n\n\n<p>Y estas podr\u00edan no ser las \u00fanicas dos bajas en el plantel argentino, ya que en consonancia con lo anunciado en la noche del mi\u00e9rcoles en Abu Dhabi por el t\u00e9cnico, Lionel Scaloni, este viernes riesgos de sumarse tambi\u00e9n Marcos Acu\u00f1a, que ser\u00e1 exigido a fondo desde la parte f\u00edsica tal como sucedi\u00f3 entre martes y mi\u00e9rcoles con \u00abNico\u00bb Gonz\u00e1lez y el \u00abTucu\u00bb Correa<\/p>\n\n\n\n<p>\u00abTras el entrenamiento de hoy (por ayer jueves),\u00a0<a rel=\"noreferrer noopener\" href=\"https:\/\/www.telam.com.ar\/notas\/202211\/611262-nico-gonzalez-angel-correa-mundial-qatar-seleccion-memes-redes-sociales.html\" target=\"_blank\">el futbolista Nicol\u00e1s Gonz\u00e1lez sufri\u00f3 una lesi\u00f3n muscular y quedar\u00e1 desafectado de la n\u00f3mina mundialista<\/a>. En su reemplazo, el cuerpo t\u00e9cnico convoca a \u00c1ngel Correa\u00bb, comunic\u00f3 el Twitter oficial de la selecci\u00f3n.<\/p>\n\n\n\n<p>Y menos de una hora despu\u00e9s lleg\u00f3 el segundo anuncio, dividido en dos partes:&nbsp;<a href=\"https:\/\/www.telam.com.ar\/notas\/202211\/611273-joaquin-correa-desafectado-seleccion-argentina-lesion-redes-sociales-qatar-2022.html\" target=\"_blank\" rel=\"noreferrer noopener\">primero se registr\u00f3 la desafectaci\u00f3n de Joaqu\u00edn Correa&nbsp;<\/a>y posteriormente la convocatoria de Thiago Almada.<\/p>\n\n\n\n<p><strong>\u00abEl jugador Joaqu\u00edn Correa tambi\u00e9n ser\u00e1 desafectado de la convocatoria mundialista por lesi\u00f3n\u00bb,<\/strong>\u00a0inform\u00f3 la AFA, que un cuarto de hora m\u00e1s tarde cerr\u00f3 el comunicado con otro tuit que rezaba: \u00abEl futbolista Thiago Almada se suma a la convocatoria mundialista de Qatar 2022\u00bb.<\/p>\n\n\n\n<p>Hasta este lunes Lionel Scaloni tiene la posibilidad de cambiar la lista de 26 jugadores. El tecnico quiere jugadores que f\u00edsicamente esten 100%<\/p>\n","protected":false},"excerpt":{"rendered":"<p>Nicol\u00e1s Gonz\u00e1lez y Joaqu\u00edn Correa&nbsp;fueron excluidos del plantel de 26 integrantes del seleccionado argentino&nbsp;que debutar\u00e1 el pr\u00f3ximo martes ante Arabia Saudita en el Mundial de Qatar por sendas lesiones y son reemplazados por \u00c1ngel Correa y Thiago Almada, respectivamente, inform\u00f3 oficialmente esta tarde la Asociaci\u00f3n del F\u00fatbol Argentino. En lugar de Gonz\u00e1lez, jugador de Fiorentina [&hellip;]<\/p>\n","protected":false},"author":2,"featured_media":0,"comment_status":"closed","ping_status":"open","sticky":false,"template":"","format":"standard","meta":{"footnotes":""},"categories":[167],"tags":[118,231,233],"class_list":{"0":"post-1785","1":"post","2":"type-post","3":"status-publish","4":"format-standard","6":"category-deportes","7":"tag-argentina","8":"tag-copa-del-mundo","9":"tag-scaloni"},"_links":{"self":[{"href":"https:\/\/zoomproducciones.com.ar\/zoomp\/wp-json\/wp\/v2\/posts\/1785","targetHints":{"allow":["GET"]}}],"collection":[{"href":"https:\/\/zoomproducciones.com.ar\/zoomp\/wp-json\/wp\/v2\/posts"}],"about":[{"href":"https:\/\/zoomproducciones.com.ar\/zoomp\/wp-json\/wp\/v2\/types\/post"}],"author":[{"embeddable":true,"href":"https:\/\/zoomproducciones.com.ar\/zoomp\/wp-json\/wp\/v2\/users\/2"}],"replies":[{"embeddable":true,"href":"https:\/\/zoomproducciones.com.ar\/zoomp\/wp-json\/wp\/v2\/comments?post=1785"}],"version-history":[{"count":1,"href":"https:\/\/zoomproducciones.com.ar\/zoomp\/wp-json\/wp\/v2\/posts\/1785\/revisions"}],"predecessor-version":[{"id":1787,"href":"https:\/\/zoomproducciones.com.ar\/zoomp\/wp-json\/wp\/v2\/posts\/1785\/revisions\/1787"}],"wp:attachment":[{"href":"https:\/\/zoomproducciones.com.ar\/zoomp\/wp-json\/wp\/v2\/media?parent=1785"}],"wp:term":[{"taxonomy":"category","embeddable":true,"href":"https:\/\/zoomproducciones.com.ar\/zoomp\/wp-json\/wp\/v2\/categories?post=1785"},{"taxonomy":"post_tag","embeddable":true,"href":"https:\/\/zoomproducciones.com.ar\/zoomp\/wp-json\/wp\/v2\/tags?post=1785"}],"curies":[{"name":"wp","href":"https:\/\/api.w.org\/{rel}","templated":true}]}}