{"id":17846,"date":"2024-08-13T08:25:29","date_gmt":"2024-08-13T11:25:29","guid":{"rendered":"http:\/\/zoomproducciones.com.ar\/zoomp\/?p=17846"},"modified":"2024-08-13T08:25:29","modified_gmt":"2024-08-13T11:25:29","slug":"dos-meses-sin-loan-conoce-como-sigue-la-investigacion-que-paraliza-al-pais","status":"publish","type":"post","link":"https:\/\/zoomproducciones.com.ar\/zoomp\/dos-meses-sin-loan-conoce-como-sigue-la-investigacion-que-paraliza-al-pais\/","title":{"rendered":"Dos meses sin Loan: conoc\u00e9 c\u00f3mo sigue la investigaci\u00f3n que paraliza al pa\u00eds"},"content":{"rendered":"\n<p>Se cumplen dos meses de la desaparici\u00f3n de Loan Pe\u00f1a en 9 de Julio, Corrientes, y la investigaci\u00f3n sigue dando pasos lentos pero firmes. Las pr\u00f3ximas semanas ser\u00e1n cruciales, ya que la jueza federal Cristina Pozzer Penzo <strong>deber\u00e1 definir si procesa o no a los siete imputados en la caus<\/strong>a, lo que podr\u00eda derivar en la liberaci\u00f3n de algunos de ellos.<\/p>\n\n\n\n<p>En medio de las 50 evidencias y muestras que se esperan, la clave del caso parece estar en el <strong>cotejo del ADN de Loan con la mancha de sangre encontrada en la camioneta Ford Ranger <\/strong>de Carlos P\u00e9rez y Mar\u00eda Victoria Caillava. Esta prueba podr\u00eda confirmar o descartar la versi\u00f3n del choque, la cual fue planteada por Laudelina Pe\u00f1a, la t\u00eda de Loan, quien acus\u00f3 al matrimonio de atropellar al ni\u00f1o.<\/p>\n\n\n\n<p>Las pericias determinar\u00e1n si efectivamente hubo un accidente o si se trata de una hip\u00f3tesis de trata de personas.<\/p>\n\n\n\n<p>Al mismo tiempo, <strong>la Justicia investiga si Laudelina Pe\u00f1a minti\u00f3 en su declaraci\u00f3n inicial, <\/strong>ya que ha habido contradicciones en su relato. La posibilidad de que haya sido presionada para cambiar su versi\u00f3n inicial se mantiene abierta.<\/p>\n\n\n\n<p><strong>Los tel\u00e9fonos de los siete detenidos, <\/strong>entre los que se encuentran los padres de Loan, Antonio Ben\u00edtez y M\u00f3nica Millapi, as\u00ed como el jefe de la comisar\u00eda local, Walter Maciel, y otros allegados, <strong>se encuentran bajo an\u00e1lisis<\/strong>. Las comunicaciones entre ellos en el momento de la desaparici\u00f3n muestran un intercambio de llamadas y mensajes que alimentan las sospechas sobre un posible v\u00ednculo entre ellos.<\/p>\n\n\n\n<p>A pesar de las diversas hip\u00f3tesis sobre lo que ocurri\u00f3 el d\u00eda que Loan desapareci\u00f3, <strong>la Justicia a\u00fan no tiene pruebas concretas sobre su paradero.<\/strong><\/p>\n\n\n\n<p>La fiscal contin\u00faa recabando testimonios de personas que puedan aportar informaci\u00f3n al caso. La abuela de Loan, <strong>Catalina, declar\u00f3 recientemente que sospecha de su yerno, Antonio Ben\u00edtez<\/strong>, y que existe un conflicto econ\u00f3mico por la posesi\u00f3n de unas tierras que podr\u00eda estar vinculado al caso.<\/p>\n\n\n\n<p>Este martes 13 de agosto, <strong>se realizar\u00e1 una marcha en Goya para recordar la desaparici\u00f3n de Loan<\/strong> y reclamar justicia por el peque\u00f1o. La familia, amigos y vecinos se reunir\u00e1n para marchar desde 9 de Julio hasta el juzgado.<\/p>\n","protected":false},"excerpt":{"rendered":"<p>Se cumplen dos meses de la desaparici\u00f3n de Loan Pe\u00f1a en 9 de Julio, Corrientes, y la investigaci\u00f3n sigue dando pasos lentos pero firmes. Las pr\u00f3ximas semanas ser\u00e1n cruciales, ya que la jueza federal Cristina Pozzer Penzo deber\u00e1 definir si procesa o no a los siete imputados en la causa, lo que podr\u00eda derivar en [&hellip;]<\/p>\n","protected":false},"author":2,"featured_media":17491,"comment_status":"closed","ping_status":"open","sticky":false,"template":"","format":"standard","meta":{"footnotes":""},"categories":[533],"tags":[42],"class_list":{"0":"post-17846","1":"post","2":"type-post","3":"status-publish","4":"format-standard","5":"has-post-thumbnail","7":"category-caso-loan","8":"tag-featured"},"_links":{"self":[{"href":"https:\/\/zoomproducciones.com.ar\/zoomp\/wp-json\/wp\/v2\/posts\/17846","targetHints":{"allow":["GET"]}}],"collection":[{"href":"https:\/\/zoomproducciones.com.ar\/zoomp\/wp-json\/wp\/v2\/posts"}],"about":[{"href":"https:\/\/zoomproducciones.com.ar\/zoomp\/wp-json\/wp\/v2\/types\/post"}],"author":[{"embeddable":true,"href":"https:\/\/zoomproducciones.com.ar\/zoomp\/wp-json\/wp\/v2\/users\/2"}],"replies":[{"embeddable":true,"href":"https:\/\/zoomproducciones.com.ar\/zoomp\/wp-json\/wp\/v2\/comments?post=17846"}],"version-history":[{"count":1,"href":"https:\/\/zoomproducciones.com.ar\/zoomp\/wp-json\/wp\/v2\/posts\/17846\/revisions"}],"predecessor-version":[{"id":17852,"href":"https:\/\/zoomproducciones.com.ar\/zoomp\/wp-json\/wp\/v2\/posts\/17846\/revisions\/17852"}],"wp:featuredmedia":[{"embeddable":true,"href":"https:\/\/zoomproducciones.com.ar\/zoomp\/wp-json\/wp\/v2\/media\/17491"}],"wp:attachment":[{"href":"https:\/\/zoomproducciones.com.ar\/zoomp\/wp-json\/wp\/v2\/media?parent=17846"}],"wp:term":[{"taxonomy":"category","embeddable":true,"href":"https:\/\/zoomproducciones.com.ar\/zoomp\/wp-json\/wp\/v2\/categories?post=17846"},{"taxonomy":"post_tag","embeddable":true,"href":"https:\/\/zoomproducciones.com.ar\/zoomp\/wp-json\/wp\/v2\/tags?post=17846"}],"curies":[{"name":"wp","href":"https:\/\/api.w.org\/{rel}","templated":true}]}}