{"id":17831,"date":"2024-08-12T08:43:17","date_gmt":"2024-08-12T11:43:17","guid":{"rendered":"http:\/\/zoomproducciones.com.ar\/zoomp\/?p=17831"},"modified":"2024-08-12T08:43:18","modified_gmt":"2024-08-12T11:43:18","slug":"docentes-y-no-docentes-de-la-unne-se-suman-al-paro-nacional-por-salarios","status":"publish","type":"post","link":"https:\/\/zoomproducciones.com.ar\/zoomp\/docentes-y-no-docentes-de-la-unne-se-suman-al-paro-nacional-por-salarios\/","title":{"rendered":"Docentes y no docentes de la UNNE se suman al paro nacional por salarios"},"content":{"rendered":"\n<p>La semana comienza con la <strong>confirmaci\u00f3n del paro de 72 horas convocado por el frente sindical docente y nodocente,<\/strong> al que se adhirieron los gremios de base de la Universidad Nacional del Nordeste (UNNE). Adem\u00e1s, ATE Corrientes reclama una mejora salarial para empleados municipales.<\/p>\n\n\n\n<p>El Frente Sindical Universitario, integrado por CONADU Hist\u00f3rica, CONADU, FEDUN, CTERA, FAGDUT, UDA y FATUN, decidi\u00f3 la <strong>medida de fuerza para el 12, 13 y 14 de agosto tras el fracaso de las negociaciones salariales<\/strong> con el gobierno nacional. La propuesta de un 3% de aumento para agosto y 2% para septiembre fue considerada insuficiente por las federaciones, que ratificaron el paro.<\/p>\n\n\n\n<p>Gremios de base como CODIUNNE, ADIUNNE y ATUN, que agrupan a trabajadores docentes y no docentes de la UNNE, se sumaron a la medida de fuerza. En ese marco,<strong> los sindicatos de la regi\u00f3n acordaron solicitar al Consejo Superior de la UNNE que acompa\u00f1e el plan de lucha <\/strong>por la defensa del salario y la universidad p\u00fablica, adem\u00e1s de difundir la crisis presupuestaria y salarial que afecta a las universidades nacionales.<\/p>\n\n\n\n<p>La secretaria general de CODIUNNE, Marisu Liwsky, denunci\u00f3 la precaria situaci\u00f3n salarial de los docentes: \u00ab<strong>Un docente con cinco a\u00f1os de antig\u00fcedad no llega a fin de mes<\/strong>\u00ab. Muchos docentes reciben menos de $160.000 de bolsillo por cargo, lo que los ubica por debajo de la l\u00ednea de pobreza.<\/p>\n\n\n\n<p>Los sindicatos exigen una actualizaci\u00f3n del presupuesto de financiamiento educativo para evitar la falta de fondos y la desigual distribuci\u00f3n de partidas.<\/p>\n\n\n\n<p><strong>ATE Corrientes reclama aumento salarial para municipales:<\/strong><\/p>\n\n\n\n<p>Por otro lado, <strong>la Asociaci\u00f3n de Trabajadores del Estado (ATE) convoc\u00f3 a una olla popular para este martes a las 12 en la sede de la Caja Municipal de Pr\u00e9stamo de Corrientes<\/strong>. La medida busca presionar por una mejora salarial para los empleados municipales de tr\u00e1nsito, motorizada, recolecci\u00f3n de residuos, guardia urbana y de la Caja Municipal, m\u00e1s all\u00e1 del reciente acuerdo paritario con AOEM.<\/p>\n","protected":false},"excerpt":{"rendered":"<p>La semana comienza con la confirmaci\u00f3n del paro de 72 horas convocado por el frente sindical docente y nodocente, al que se adhirieron los gremios de base de la Universidad Nacional del Nordeste (UNNE). Adem\u00e1s, ATE Corrientes reclama una mejora salarial para empleados municipales. El Frente Sindical Universitario, integrado por CONADU Hist\u00f3rica, CONADU, FEDUN, CTERA, [&hellip;]<\/p>\n","protected":false},"author":2,"featured_media":17832,"comment_status":"closed","ping_status":"open","sticky":false,"template":"","format":"standard","meta":{"footnotes":""},"categories":[3],"tags":[511],"class_list":{"0":"post-17831","1":"post","2":"type-post","3":"status-publish","4":"format-standard","5":"has-post-thumbnail","7":"category-provinciales","8":"tag-bloque-2"},"_links":{"self":[{"href":"https:\/\/zoomproducciones.com.ar\/zoomp\/wp-json\/wp\/v2\/posts\/17831","targetHints":{"allow":["GET"]}}],"collection":[{"href":"https:\/\/zoomproducciones.com.ar\/zoomp\/wp-json\/wp\/v2\/posts"}],"about":[{"href":"https:\/\/zoomproducciones.com.ar\/zoomp\/wp-json\/wp\/v2\/types\/post"}],"author":[{"embeddable":true,"href":"https:\/\/zoomproducciones.com.ar\/zoomp\/wp-json\/wp\/v2\/users\/2"}],"replies":[{"embeddable":true,"href":"https:\/\/zoomproducciones.com.ar\/zoomp\/wp-json\/wp\/v2\/comments?post=17831"}],"version-history":[{"count":1,"href":"https:\/\/zoomproducciones.com.ar\/zoomp\/wp-json\/wp\/v2\/posts\/17831\/revisions"}],"predecessor-version":[{"id":17836,"href":"https:\/\/zoomproducciones.com.ar\/zoomp\/wp-json\/wp\/v2\/posts\/17831\/revisions\/17836"}],"wp:featuredmedia":[{"embeddable":true,"href":"https:\/\/zoomproducciones.com.ar\/zoomp\/wp-json\/wp\/v2\/media\/17832"}],"wp:attachment":[{"href":"https:\/\/zoomproducciones.com.ar\/zoomp\/wp-json\/wp\/v2\/media?parent=17831"}],"wp:term":[{"taxonomy":"category","embeddable":true,"href":"https:\/\/zoomproducciones.com.ar\/zoomp\/wp-json\/wp\/v2\/categories?post=17831"},{"taxonomy":"post_tag","embeddable":true,"href":"https:\/\/zoomproducciones.com.ar\/zoomp\/wp-json\/wp\/v2\/tags?post=17831"}],"curies":[{"name":"wp","href":"https:\/\/api.w.org\/{rel}","templated":true}]}}