{"id":17827,"date":"2024-08-12T08:43:12","date_gmt":"2024-08-12T11:43:12","guid":{"rendered":"http:\/\/zoomproducciones.com.ar\/zoomp\/?p=17827"},"modified":"2024-08-12T08:43:16","modified_gmt":"2024-08-12T11:43:16","slug":"villarruel-cuestiona-denuncia-de-yanez-perdon-por-no-sentir-lastima","status":"publish","type":"post","link":"https:\/\/zoomproducciones.com.ar\/zoomp\/villarruel-cuestiona-denuncia-de-yanez-perdon-por-no-sentir-lastima\/","title":{"rendered":"Villarruel cuestiona denuncia de Ya\u00f1ez: \u00bbperd\u00f3n por no sentir lastima\u00bb"},"content":{"rendered":"\n<p>La vicepresidenta Victoria Villarruel cuestion\u00f3 la denuncia de Fabiola Ya\u00f1ez contra Alberto Fern\u00e1ndez por violencia de g\u00e9nero, contraponi\u00e9ndola a la realidad social durante la cuarentena por COVID-19.<\/p>\n\n\n\n<p>\u00abLa entrevista de Fabiola no significa nada para los que vimos morir a nuestros familiares y no pudimos velarlos y enterrarlos como se merec\u00edan\u00bb, escribi\u00f3 Villarruel en su cuenta de X, haciendo referencia a las restricciones impuestas por el gobierno de Fern\u00e1ndez.<\/p>\n\n\n\n<p>En la misma l\u00ednea, agreg\u00f3: \u00abDisculpen si mi sensibilidad no es la adecuada, pero luch\u00e9 contra el encierro y a mi padre lo perd\u00ed por los protocolos de cuarta de ese gobierno de gente repugnante\u00bb.<\/p>\n\n\n\n<p>Las declaraciones de Villarruel se producen un d\u00eda despu\u00e9s de que Ya\u00f1ez revelara detalles de la violencia que sufri\u00f3 durante la presidencia de Fern\u00e1ndez, acus\u00e1ndolo de amenazarla con suicidarse si contaba los episodios.<\/p>\n\n\n\n<p>Villarruel cuestion\u00f3 el comportamiento de Ya\u00f1ez durante la pandemia, mencionando los viajes en avi\u00f3n presidencial y los gastos en custodia, criticando la \u00abhipocres\u00eda\u00bb y pidiendo a la sociedad que no se deje subestimar.<\/p>\n\n\n\n<p>\u00abPerd\u00f3n por no sentir lastima por los 21 viajes de placer en flota presidencial de la ex primera dama, mientras cientos de miles de Pymes Argentinas se fund\u00edan. Pido disculpas por no empatizar con los 36 mil d\u00f3lares que el pueblo argentino deber\u00e1 pagar de su bolsillo para su custodia en Espa\u00f1a mientras miles de mujeres en contextos de violencia peores no tienen ese privilegio\u00bb, se\u00f1al\u00f3.<\/p>\n","protected":false},"excerpt":{"rendered":"<p>La vicepresidenta Victoria Villarruel cuestion\u00f3 la denuncia de Fabiola Ya\u00f1ez contra Alberto Fern\u00e1ndez por violencia de g\u00e9nero, contraponi\u00e9ndola a la realidad social durante la cuarentena por COVID-19. \u00abLa entrevista de Fabiola no significa nada para los que vimos morir a nuestros familiares y no pudimos velarlos y enterrarlos como se merec\u00edan\u00bb, escribi\u00f3 Villarruel en su [&hellip;]<\/p>\n","protected":false},"author":2,"featured_media":17828,"comment_status":"closed","ping_status":"open","sticky":false,"template":"","format":"standard","meta":{"footnotes":""},"categories":[8],"tags":[511],"class_list":{"0":"post-17827","1":"post","2":"type-post","3":"status-publish","4":"format-standard","5":"has-post-thumbnail","7":"category-nacionales","8":"tag-bloque-2"},"_links":{"self":[{"href":"https:\/\/zoomproducciones.com.ar\/zoomp\/wp-json\/wp\/v2\/posts\/17827","targetHints":{"allow":["GET"]}}],"collection":[{"href":"https:\/\/zoomproducciones.com.ar\/zoomp\/wp-json\/wp\/v2\/posts"}],"about":[{"href":"https:\/\/zoomproducciones.com.ar\/zoomp\/wp-json\/wp\/v2\/types\/post"}],"author":[{"embeddable":true,"href":"https:\/\/zoomproducciones.com.ar\/zoomp\/wp-json\/wp\/v2\/users\/2"}],"replies":[{"embeddable":true,"href":"https:\/\/zoomproducciones.com.ar\/zoomp\/wp-json\/wp\/v2\/comments?post=17827"}],"version-history":[{"count":1,"href":"https:\/\/zoomproducciones.com.ar\/zoomp\/wp-json\/wp\/v2\/posts\/17827\/revisions"}],"predecessor-version":[{"id":17834,"href":"https:\/\/zoomproducciones.com.ar\/zoomp\/wp-json\/wp\/v2\/posts\/17827\/revisions\/17834"}],"wp:featuredmedia":[{"embeddable":true,"href":"https:\/\/zoomproducciones.com.ar\/zoomp\/wp-json\/wp\/v2\/media\/17828"}],"wp:attachment":[{"href":"https:\/\/zoomproducciones.com.ar\/zoomp\/wp-json\/wp\/v2\/media?parent=17827"}],"wp:term":[{"taxonomy":"category","embeddable":true,"href":"https:\/\/zoomproducciones.com.ar\/zoomp\/wp-json\/wp\/v2\/categories?post=17827"},{"taxonomy":"post_tag","embeddable":true,"href":"https:\/\/zoomproducciones.com.ar\/zoomp\/wp-json\/wp\/v2\/tags?post=17827"}],"curies":[{"name":"wp","href":"https:\/\/api.w.org\/{rel}","templated":true}]}}