{"id":17821,"date":"2024-08-12T08:26:55","date_gmt":"2024-08-12T11:26:55","guid":{"rendered":"http:\/\/zoomproducciones.com.ar\/zoomp\/?p=17821"},"modified":"2024-08-12T08:26:56","modified_gmt":"2024-08-12T11:26:56","slug":"fabiola-yanez-agradece-la-solidaridad-tras-la-denuncia-por-violencia-de-genero","status":"publish","type":"post","link":"https:\/\/zoomproducciones.com.ar\/zoomp\/fabiola-yanez-agradece-la-solidaridad-tras-la-denuncia-por-violencia-de-genero\/","title":{"rendered":"Fabiola Ya\u00f1ez agradece la solidaridad tras la denuncia por violencia de g\u00e9nero"},"content":{"rendered":"\n<p>La ex primera dama, Fabiola Ya\u00f1ez, public\u00f3 un mensaje en su cuenta de Instagram agradeciendo la solidaridad recibida luego de denunciar al ex presidente Alberto Fern\u00e1ndez por violencia de g\u00e9nero.<\/p>\n\n\n\n<p>En su mensaje, Ya\u00f1ez escribi\u00f3: \u00abGracias por la solidaridad. Entiendo a los que todav\u00eda no lograron perdonarme, sepan que los entiendo\u00bb.<\/p>\n\n\n\n<p>La publicaci\u00f3n, la primera de Ya\u00f1ez en redes sociales desde la denuncia, tambi\u00e9n incluy\u00f3 un agradecimiento al personal de seguridad: \u00abTodo mi reconocimiento y respeto para el personal de seguridad que nos acompa\u00f1\u00f3 hasta el d\u00eda de hoy. Son grandes personas, han sido muy importantes para mi hijo y para m\u00ed\u00bb.<\/p>\n\n\n\n<figure class=\"wp-block-image size-large\"><a href=\"http:\/\/zoomproducciones.com.ar\/zoomp\/wp-content\/uploads\/2024\/08\/image-50.png\"><img loading=\"lazy\" decoding=\"async\" width=\"1024\" height=\"557\" src=\"http:\/\/zoomproducciones.com.ar\/zoomp\/wp-content\/uploads\/2024\/08\/image-50-1024x557.png\" alt=\"\" class=\"wp-image-17822\" srcset=\"https:\/\/zoomproducciones.com.ar\/zoomp\/wp-content\/uploads\/2024\/08\/image-50-1024x557.png 1024w, https:\/\/zoomproducciones.com.ar\/zoomp\/wp-content\/uploads\/2024\/08\/image-50-300x163.png 300w, https:\/\/zoomproducciones.com.ar\/zoomp\/wp-content\/uploads\/2024\/08\/image-50-768x418.png 768w, https:\/\/zoomproducciones.com.ar\/zoomp\/wp-content\/uploads\/2024\/08\/image-50.png 1280w\" sizes=\"auto, (max-width: 1024px) 100vw, 1024px\" \/><\/a><\/figure>\n\n\n\n<p>Cabe destacar que Ya\u00f1ez volver\u00e1 a declarar ante la Justicia este martes, continuando con el proceso judicial iniciado tras la denuncia.<\/p>\n","protected":false},"excerpt":{"rendered":"<p>La ex primera dama, Fabiola Ya\u00f1ez, public\u00f3 un mensaje en su cuenta de Instagram agradeciendo la solidaridad recibida luego de denunciar al ex presidente Alberto Fern\u00e1ndez por violencia de g\u00e9nero. En su mensaje, Ya\u00f1ez escribi\u00f3: \u00abGracias por la solidaridad. Entiendo a los que todav\u00eda no lograron perdonarme, sepan que los entiendo\u00bb. La publicaci\u00f3n, la primera [&hellip;]<\/p>\n","protected":false},"author":2,"featured_media":17823,"comment_status":"closed","ping_status":"open","sticky":false,"template":"","format":"standard","meta":{"footnotes":""},"categories":[8],"tags":[42],"class_list":{"0":"post-17821","1":"post","2":"type-post","3":"status-publish","4":"format-standard","5":"has-post-thumbnail","7":"category-nacionales","8":"tag-featured"},"_links":{"self":[{"href":"https:\/\/zoomproducciones.com.ar\/zoomp\/wp-json\/wp\/v2\/posts\/17821","targetHints":{"allow":["GET"]}}],"collection":[{"href":"https:\/\/zoomproducciones.com.ar\/zoomp\/wp-json\/wp\/v2\/posts"}],"about":[{"href":"https:\/\/zoomproducciones.com.ar\/zoomp\/wp-json\/wp\/v2\/types\/post"}],"author":[{"embeddable":true,"href":"https:\/\/zoomproducciones.com.ar\/zoomp\/wp-json\/wp\/v2\/users\/2"}],"replies":[{"embeddable":true,"href":"https:\/\/zoomproducciones.com.ar\/zoomp\/wp-json\/wp\/v2\/comments?post=17821"}],"version-history":[{"count":1,"href":"https:\/\/zoomproducciones.com.ar\/zoomp\/wp-json\/wp\/v2\/posts\/17821\/revisions"}],"predecessor-version":[{"id":17824,"href":"https:\/\/zoomproducciones.com.ar\/zoomp\/wp-json\/wp\/v2\/posts\/17821\/revisions\/17824"}],"wp:featuredmedia":[{"embeddable":true,"href":"https:\/\/zoomproducciones.com.ar\/zoomp\/wp-json\/wp\/v2\/media\/17823"}],"wp:attachment":[{"href":"https:\/\/zoomproducciones.com.ar\/zoomp\/wp-json\/wp\/v2\/media?parent=17821"}],"wp:term":[{"taxonomy":"category","embeddable":true,"href":"https:\/\/zoomproducciones.com.ar\/zoomp\/wp-json\/wp\/v2\/categories?post=17821"},{"taxonomy":"post_tag","embeddable":true,"href":"https:\/\/zoomproducciones.com.ar\/zoomp\/wp-json\/wp\/v2\/tags?post=17821"}],"curies":[{"name":"wp","href":"https:\/\/api.w.org\/{rel}","templated":true}]}}