{"id":1782,"date":"2022-11-18T07:48:07","date_gmt":"2022-11-18T10:48:07","guid":{"rendered":"http:\/\/zoomproducciones.com.ar\/zoomp\/?p=1782"},"modified":"2022-11-18T07:48:08","modified_gmt":"2022-11-18T10:48:08","slug":"aumento-salarial-conoce-los-detalles-de-los-nuevos-incrementos","status":"publish","type":"post","link":"https:\/\/zoomproducciones.com.ar\/zoomp\/aumento-salarial-conoce-los-detalles-de-los-nuevos-incrementos\/","title":{"rendered":"Aumento salarial: conoc\u00e9 los detalles de los nuevos incrementos"},"content":{"rendered":"\n<p>Este jueves se oficializ\u00f3 el aumento salarial para los trabajadores estatales de Corrientes. Seg\u00fan lo indicado por el ministro de Hacienda, este incremento es superior a los establecidos por la pol\u00edtica salarial presentada a principios de a\u00f1o. \u201cLa decisi\u00f3n del gobernador fue avanzar por encima de la inflaci\u00f3n\u00bb, asegur\u00f3 Piasentini. Con respecto al bono navide\u00f1o, el funcionario expres\u00f3 que se encuentran trabajando en ello.<\/p>\n\n\n\n<p>Marcelo Rivas Piasentini comuic\u00f3 v\u00eda conferencia de prensa el nuevo aumento salarial para los trabajadores estatales.  \u201cLa decisi\u00f3n del gobernador fue avanzar por encima de la inflaci\u00f3n\u00bb, asegur\u00f3 Piasentini. En tanto que, inform\u00f3 que esta recomposici\u00f3n salarial se ver\u00e1 impactada en los sueldos del mes de noviembre.<\/p>\n\n\n\n<p>La inversi\u00f3n para abonar estas medidas es de $1800 millones mensuales y un acumulado total anual de $4300 millones.\u00a0<\/p>\n\n\n\n<p><strong>EN DETALLE: LOS AUMENTOS\u00a0<\/strong><\/p>\n\n\n\n<p>Los incrementos para trabajadores provinciales activos y jubilados:<\/p>\n\n\n\n<p><strong>DOCENTES:<\/strong><\/p>\n\n\n\n<p>\u2022 $3500 de aumento al b\u00e1sico.<\/p>\n\n\n\n<p>\u2022 $12.500 de incremento al Fondo Compensador Provincial, siguiendo criterio FONID, hasta dos cargos.<\/p>\n\n\n\n<p><strong>ADMINISTRACI\u00d3N CENTRAL y SALUD:<\/strong><\/p>\n\n\n\n<p>\u2022 15% de aumento en la asignaci\u00f3n de clase de todas las categor\u00edas.<\/p>\n\n\n\n<p>\u2022 $3000 de bolsillo al concepto 134.<\/p>\n\n\n\n<p>\u2022 Se crea un concepto nuevo de $10.000 para la escala \u00fanica de remuneraciones, categor\u00edas 030 y 120, incluyendo excombatientes de Malvinas.<\/p>\n\n\n\n<p><strong>VIALIDAD:<\/strong><\/p>\n\n\n\n<p>\u2022 15% de aumento en el b\u00e1sico.<\/p>\n\n\n\n<p><strong>&nbsp;SEGURIDAD:<\/strong><\/p>\n\n\n\n<p>\u2022 15% de incremento en el Valor Punto.<\/p>\n\n\n\n<p>\u2022 15% de aumento en el m\u00ednimo garantizado.<\/p>\n\n\n\n<p>\u2022 $3000 de incremento de bolsillo al c\u00f3digo 134.<\/p>\n\n\n\n<p>\u2022 Aumento a los C\u00f3digos 122 y 153.<\/p>\n\n\n\n<p>\u2022 Se incrementa $7000 de bolsillo el C\u00f3digo 180.<\/p>\n\n\n\n<p><strong>SALUD P\u00daBLICA:&nbsp;<\/strong><\/p>\n\n\n\n<p>\u2022 15% residentes provinciales, becas de fortalecimiento, becas de enfermer\u00eda y becas de M\u00e1s y Mejor Trabajo.<\/p>\n\n\n\n<p>\u2022 Se incrementa $5000 el c\u00f3digo 153<\/p>\n","protected":false},"excerpt":{"rendered":"<p>Este jueves se oficializ\u00f3 el aumento salarial para los trabajadores estatales de Corrientes. Seg\u00fan lo indicado por el ministro de Hacienda, este incremento es superior a los establecidos por la pol\u00edtica salarial presentada a principios de a\u00f1o. \u201cLa decisi\u00f3n del gobernador fue avanzar por encima de la inflaci\u00f3n\u00bb, asegur\u00f3 Piasentini. Con respecto al bono navide\u00f1o, [&hellip;]<\/p>\n","protected":false},"author":2,"featured_media":0,"comment_status":"closed","ping_status":"open","sticky":false,"template":"","format":"standard","meta":{"footnotes":""},"categories":[3],"tags":[218,42,113,123],"class_list":{"0":"post-1782","1":"post","2":"type-post","3":"status-publish","4":"format-standard","6":"category-provinciales","7":"tag-aumento-salarial","8":"tag-featured","9":"tag-gobierno-provincial","10":"tag-gustavo-valdes"},"_links":{"self":[{"href":"https:\/\/zoomproducciones.com.ar\/zoomp\/wp-json\/wp\/v2\/posts\/1782","targetHints":{"allow":["GET"]}}],"collection":[{"href":"https:\/\/zoomproducciones.com.ar\/zoomp\/wp-json\/wp\/v2\/posts"}],"about":[{"href":"https:\/\/zoomproducciones.com.ar\/zoomp\/wp-json\/wp\/v2\/types\/post"}],"author":[{"embeddable":true,"href":"https:\/\/zoomproducciones.com.ar\/zoomp\/wp-json\/wp\/v2\/users\/2"}],"replies":[{"embeddable":true,"href":"https:\/\/zoomproducciones.com.ar\/zoomp\/wp-json\/wp\/v2\/comments?post=1782"}],"version-history":[{"count":1,"href":"https:\/\/zoomproducciones.com.ar\/zoomp\/wp-json\/wp\/v2\/posts\/1782\/revisions"}],"predecessor-version":[{"id":1784,"href":"https:\/\/zoomproducciones.com.ar\/zoomp\/wp-json\/wp\/v2\/posts\/1782\/revisions\/1784"}],"wp:attachment":[{"href":"https:\/\/zoomproducciones.com.ar\/zoomp\/wp-json\/wp\/v2\/media?parent=1782"}],"wp:term":[{"taxonomy":"category","embeddable":true,"href":"https:\/\/zoomproducciones.com.ar\/zoomp\/wp-json\/wp\/v2\/categories?post=1782"},{"taxonomy":"post_tag","embeddable":true,"href":"https:\/\/zoomproducciones.com.ar\/zoomp\/wp-json\/wp\/v2\/tags?post=1782"}],"curies":[{"name":"wp","href":"https:\/\/api.w.org\/{rel}","templated":true}]}}