{"id":1768,"date":"2022-11-16T10:33:12","date_gmt":"2022-11-16T13:33:12","guid":{"rendered":"http:\/\/zoomproducciones.com.ar\/zoomp\/?p=1768"},"modified":"2022-11-16T10:33:13","modified_gmt":"2022-11-16T13:33:13","slug":"visitara-goya-y-la-capital-macri-llega-a-corrientes","status":"publish","type":"post","link":"https:\/\/zoomproducciones.com.ar\/zoomp\/visitara-goya-y-la-capital-macri-llega-a-corrientes\/","title":{"rendered":"Visitar\u00e1 Goya y la Capital: Macri llega a Corrientes"},"content":{"rendered":"\n<p>El ex presidente de la Naci\u00f3n, Mauricio Macri, llega a Corrientes este mi\u00e9rcoles 16 de noviembre. Junto con Vald\u00e9s recorreran obras en Goya y presentar\u00e1 su libro \u00bbPara qu\u00e9\u00bb en el Auditorio Juli\u00e1n Zini de la Capital. V\u00eda redes sociales, el gobernador provincial expres\u00f3 que junto al ex mandatario consideran necesario fortalecer Juntos por el Cambio mostrando unidad.  <\/p>\n\n\n\n<p>Mauricio Macri llega a Corrientes este mi\u00e9rcoles. \u00bbVa a estar aterrizando en la ciudad de Goya, recorreremos parques industriales y mostraremos todo el potencial de esa ciudad\u00bb explic\u00f3 Vald\u00e9s.<\/p>\n\n\n\n<p>Luego, en la Capital, presentar\u00e1 su libro \u00bbPara qu\u00e9\u00bb en el Auditorio Juli\u00e1n Zini. Tal obra fue presentada por primera vez el 18 de octubre y el ex presidente se encuentra realizando presentaciones en distintos puntos del pa\u00eds. \u00bbLos invitamos a todos, porque es interesante que nos digan para qu\u00e9 necesitamos transformar la Argentina y que nos transmita su punto de vista\u201d dijo el gobernador a la prensa.<\/p>\n\n\n\n<p>La visita de Maurio Macri se produce en medio de la delicada interna de la oposici\u00f3n; la semana pasada se llev\u00f3 a cabo la Mesa Nacional de Juntos por el Cambio, donde se llam\u00f3 a la unidad y a calmar los \u00e1nimos. De la reuni\u00f3n particip\u00f3 el ex presidente, Patricia Bullrich y Horacio Rodr\u00edguez Larreta. &nbsp;<\/p>\n","protected":false},"excerpt":{"rendered":"<p>El ex presidente de la Naci\u00f3n, Mauricio Macri, llega a Corrientes este mi\u00e9rcoles 16 de noviembre. Junto con Vald\u00e9s recorreran obras en Goya y presentar\u00e1 su libro \u00bbPara qu\u00e9\u00bb en el Auditorio Juli\u00e1n Zini de la Capital. V\u00eda redes sociales, el gobernador provincial expres\u00f3 que junto al ex mandatario consideran necesario fortalecer Juntos por el [&hellip;]<\/p>\n","protected":false},"author":2,"featured_media":0,"comment_status":"closed","ping_status":"open","sticky":false,"template":"","format":"standard","meta":{"footnotes":""},"categories":[3],"tags":[42,113,123,153],"class_list":{"0":"post-1768","1":"post","2":"type-post","3":"status-publish","4":"format-standard","6":"category-provinciales","7":"tag-featured","8":"tag-gobierno-provincial","9":"tag-gustavo-valdes","10":"tag-mauricio-macri"},"_links":{"self":[{"href":"https:\/\/zoomproducciones.com.ar\/zoomp\/wp-json\/wp\/v2\/posts\/1768","targetHints":{"allow":["GET"]}}],"collection":[{"href":"https:\/\/zoomproducciones.com.ar\/zoomp\/wp-json\/wp\/v2\/posts"}],"about":[{"href":"https:\/\/zoomproducciones.com.ar\/zoomp\/wp-json\/wp\/v2\/types\/post"}],"author":[{"embeddable":true,"href":"https:\/\/zoomproducciones.com.ar\/zoomp\/wp-json\/wp\/v2\/users\/2"}],"replies":[{"embeddable":true,"href":"https:\/\/zoomproducciones.com.ar\/zoomp\/wp-json\/wp\/v2\/comments?post=1768"}],"version-history":[{"count":1,"href":"https:\/\/zoomproducciones.com.ar\/zoomp\/wp-json\/wp\/v2\/posts\/1768\/revisions"}],"predecessor-version":[{"id":1770,"href":"https:\/\/zoomproducciones.com.ar\/zoomp\/wp-json\/wp\/v2\/posts\/1768\/revisions\/1770"}],"wp:attachment":[{"href":"https:\/\/zoomproducciones.com.ar\/zoomp\/wp-json\/wp\/v2\/media?parent=1768"}],"wp:term":[{"taxonomy":"category","embeddable":true,"href":"https:\/\/zoomproducciones.com.ar\/zoomp\/wp-json\/wp\/v2\/categories?post=1768"},{"taxonomy":"post_tag","embeddable":true,"href":"https:\/\/zoomproducciones.com.ar\/zoomp\/wp-json\/wp\/v2\/tags?post=1768"}],"curies":[{"name":"wp","href":"https:\/\/api.w.org\/{rel}","templated":true}]}}