{"id":1765,"date":"2022-11-16T10:24:11","date_gmt":"2022-11-16T13:24:11","guid":{"rendered":"http:\/\/zoomproducciones.com.ar\/zoomp\/?p=1765"},"modified":"2022-11-16T10:24:11","modified_gmt":"2022-11-16T13:24:11","slug":"fernandez-y-massa-analizan-un-bono-de-fin-de-ano","status":"publish","type":"post","link":"https:\/\/zoomproducciones.com.ar\/zoomp\/fernandez-y-massa-analizan-un-bono-de-fin-de-ano\/","title":{"rendered":"Fern\u00e1ndez y Massa analizan un bono de fin de a\u00f1o"},"content":{"rendered":"\n<p>Alberto Fern\u00e1ndez adelant\u00f3 que el Gobierno Nacional se encuentra trabajando en la posibilidad de otorgar un bono de fin de a\u00f1o a los trabajadores formales. \u00abEstamos trabajando. Seguramente nos juntaremos con la ministra de Trabajo (Kelly Olmos) y Sergio y ah\u00ed tomaremos una decisi\u00f3n\u00bb dijo en declaraciones radiales. <\/p>\n\n\n\n<p>\u00abEstamos trabajando. <strong>Seguramente nos juntaremos con la ministra de Trabajo (Kelly Olmos) y Sergio y ah\u00ed tomaremos una decisi\u00f3n.<\/strong> Lo estamos hablando con Sergio en el viaje\u00bb  dijo el Presidente en declaraciones radiales.<\/p>\n\n\n\n<p>Alberto Fern\u00e1ndez habl\u00f3 acerca de la posibilidad de otorgar un bono de fin de a\u00f1o a los trabajadores formales. \u00bbEstamos avanzando. Estamos en el tema\u00bb dijo el mandatario.<\/p>\n\n\n\n<p>El presidente&nbsp;<strong>Alberto Fern\u00e1ndez<\/strong>&nbsp;dijo este mi\u00e9rcoles desde Bali que est\u00e1 \u00abtrabajando y avanzando\u00bb con el ministro de Econom\u00eda, Sergio Massa, en la posibilidad de otorgar un&nbsp;<strong>bono de fin de a\u00f1o a los trabajadores formales<\/strong>.<\/p>\n\n\n\n<p>\u00abEstamos avanzando. Estamos en el tema\u00bb, agreg\u00f3 el mandatario.<\/p>\n\n\n\n<p>En Francia, Fern\u00e1ndez tambi\u00e9n hab\u00eda hecho declaraciones sobre el tema y hab\u00eda avalado la entrega para fin de a\u00f1o de un bono extraordinario para trabajadores formales \u00abb\u00e1sicamente porque<strong>&nbsp;en la Argentina las paritarias funcionan plenamente<\/strong>\u00ab.<\/p>\n\n\n\n<p>En conferencia de prensa en la Embajada argentina en Par\u00eds, el Presidente dijo d\u00edas atr\u00e1s:  \u00abTenemos que recuperar el salario de todos, incluyendo a los de m\u00e1s bajos ingresos\u00bb. <\/p>\n\n\n\n<p>\u00abEn la emergencia, llegando a fin de a\u00f1o,&nbsp;<strong>entendemos que hay salarios m\u00e1s postergados y a ellos vamos a tratar de ir en su auxilio<\/strong>\u00ab, aport\u00f3 el Presidente y aclar\u00f3 que eso se ver\u00e1 \u00abcuando lleguemos a Buenos Aires\u00bb.<\/p>\n","protected":false},"excerpt":{"rendered":"<p>Alberto Fern\u00e1ndez adelant\u00f3 que el Gobierno Nacional se encuentra trabajando en la posibilidad de otorgar un bono de fin de a\u00f1o a los trabajadores formales. \u00abEstamos trabajando. Seguramente nos juntaremos con la ministra de Trabajo (Kelly Olmos) y Sergio y ah\u00ed tomaremos una decisi\u00f3n\u00bb dijo en declaraciones radiales. \u00abEstamos trabajando. Seguramente nos juntaremos con la [&hellip;]<\/p>\n","protected":false},"author":2,"featured_media":0,"comment_status":"closed","ping_status":"open","sticky":false,"template":"","format":"standard","meta":{"footnotes":""},"categories":[8],"tags":[128,118,42,117,119],"class_list":{"0":"post-1765","1":"post","2":"type-post","3":"status-publish","4":"format-standard","6":"category-nacionales","7":"tag-alberto-fernandez","8":"tag-argentina","9":"tag-featured","10":"tag-gobierno-nacional","11":"tag-sergio-massa"},"_links":{"self":[{"href":"https:\/\/zoomproducciones.com.ar\/zoomp\/wp-json\/wp\/v2\/posts\/1765","targetHints":{"allow":["GET"]}}],"collection":[{"href":"https:\/\/zoomproducciones.com.ar\/zoomp\/wp-json\/wp\/v2\/posts"}],"about":[{"href":"https:\/\/zoomproducciones.com.ar\/zoomp\/wp-json\/wp\/v2\/types\/post"}],"author":[{"embeddable":true,"href":"https:\/\/zoomproducciones.com.ar\/zoomp\/wp-json\/wp\/v2\/users\/2"}],"replies":[{"embeddable":true,"href":"https:\/\/zoomproducciones.com.ar\/zoomp\/wp-json\/wp\/v2\/comments?post=1765"}],"version-history":[{"count":1,"href":"https:\/\/zoomproducciones.com.ar\/zoomp\/wp-json\/wp\/v2\/posts\/1765\/revisions"}],"predecessor-version":[{"id":1767,"href":"https:\/\/zoomproducciones.com.ar\/zoomp\/wp-json\/wp\/v2\/posts\/1765\/revisions\/1767"}],"wp:attachment":[{"href":"https:\/\/zoomproducciones.com.ar\/zoomp\/wp-json\/wp\/v2\/media?parent=1765"}],"wp:term":[{"taxonomy":"category","embeddable":true,"href":"https:\/\/zoomproducciones.com.ar\/zoomp\/wp-json\/wp\/v2\/categories?post=1765"},{"taxonomy":"post_tag","embeddable":true,"href":"https:\/\/zoomproducciones.com.ar\/zoomp\/wp-json\/wp\/v2\/tags?post=1765"}],"curies":[{"name":"wp","href":"https:\/\/api.w.org\/{rel}","templated":true}]}}