{"id":17372,"date":"2024-07-19T07:53:48","date_gmt":"2024-07-19T10:53:48","guid":{"rendered":"http:\/\/zoomproducciones.com.ar\/zoomp\/?p=17372"},"modified":"2024-07-19T07:53:50","modified_gmt":"2024-07-19T10:53:50","slug":"enzo-fernandez-recibiria-una-durisima-sancion-por-parte-de-las-autoridades-de-la-premier-league","status":"publish","type":"post","link":"https:\/\/zoomproducciones.com.ar\/zoomp\/enzo-fernandez-recibiria-una-durisima-sancion-por-parte-de-las-autoridades-de-la-premier-league\/","title":{"rendered":"Enzo Fern\u00e1ndez recibir\u00eda una dur\u00edsima sanci\u00f3n por parte de las autoridades de la Premier League"},"content":{"rendered":"\n<p>Los \u00faltimos d\u00edas para\u00a0Enzo Fern\u00e1ndez\u00a0han sido un poco dif\u00edciles. En este contexto, la\u00a0Asociaci\u00f3n del F\u00fatbol de Inglaterra\u00a0no descarta abrir una investigaci\u00f3n luego del video en el que aparece el\u00a0campe\u00f3n de Am\u00e9rica\u00a0junto a integrantes de la\u00a0Selecci\u00f3n Argentina\u00a0cantando algunas fraces racistas en contra de los jugadores de la\u00a0Selecci\u00f3n de Francia.<\/p>\n\n\n\n<p>Teniendo presente esta situaci\u00f3n, el jueves desde suelo brit\u00e1ncio confirmaron que por el momento no hay ning\u00fan sumaro en curso, pero tampoco quiere decir que no existan posibilidades de profundizar en este episodio de la mano de las regulaciones existentes sobre todos los temas vinculados con la discriminaci\u00f3n.<\/p>\n\n\n\n<p><em>\u201cCreo que la FA podr\u00eda ver c\u00f3mo lo maneja el Chelsea antes de determinar qu\u00e9 tipo de postura tomar\u00e1n<\/em>\u201d,\u00a0le cont\u00f3\u00a0a\u00a0<em>Daily Mail,<\/em>\u00a0Udo Onwere\u00a0un letrado experto en asuntos deportivos.\u00a0<\/p>\n\n\n\n<p>Enesta l\u00ednea, el abogado coment\u00f3 que en caso de que Enzo sea declarado culpable, la sanci\u00f3n que podr\u00eda tener alcanzar\u00eda hasta 12 fechas de suspensi\u00f3n en el campeonato de ese pa\u00eds.<\/p>\n\n\n\n<h2 class=\"wp-block-heading\">Que acciones realizar\u00e1 el Chelsea en medio de esta pol\u00e9mica<\/h2>\n\n\n\n<p>El club de la ciudad de Londres, avis\u00f3 que abri\u00f3 un procedimiento disciplinario interno por el asunto del video en el cual las letras de esta melod\u00eda son racistas.&nbsp;<\/p>\n\n\n\n<p>Seg\u00fan detallaron medios locales, el campe\u00f3n del mundo recibir\u00eda una sanci\u00f3n por mala conducta y adem\u00e1s tendr\u00eda que abonar una multa cercana a dos semanas de su salario. En el plano deportivo no existir\u00eda castigo alguno.<\/p>\n\n\n\n<p>En esta misma l\u00ednea, los directivos de su equipo le van a permitir que explique lo ocurrido teniendo presente que las disculpas ofrecidas en su cuenta personal de Instagram le podr\u00edan ayudar en el sumario interno que realiza la institucipon inglesa.<\/p>\n","protected":false},"excerpt":{"rendered":"<p>Los \u00faltimos d\u00edas para\u00a0Enzo Fern\u00e1ndez\u00a0han sido un poco dif\u00edciles. En este contexto, la\u00a0Asociaci\u00f3n del F\u00fatbol de Inglaterra\u00a0no descarta abrir una investigaci\u00f3n luego del video en el que aparece el\u00a0campe\u00f3n de Am\u00e9rica\u00a0junto a integrantes de la\u00a0Selecci\u00f3n Argentina\u00a0cantando algunas fraces racistas en contra de los jugadores de la\u00a0Selecci\u00f3n de Francia. Teniendo presente esta situaci\u00f3n, el jueves desde [&hellip;]<\/p>\n","protected":false},"author":2,"featured_media":17373,"comment_status":"closed","ping_status":"open","sticky":false,"template":"","format":"standard","meta":{"footnotes":""},"categories":[372],"tags":[511],"class_list":{"0":"post-17372","1":"post","2":"type-post","3":"status-publish","4":"format-standard","5":"has-post-thumbnail","7":"category-futbol","8":"tag-bloque-2"},"_links":{"self":[{"href":"https:\/\/zoomproducciones.com.ar\/zoomp\/wp-json\/wp\/v2\/posts\/17372","targetHints":{"allow":["GET"]}}],"collection":[{"href":"https:\/\/zoomproducciones.com.ar\/zoomp\/wp-json\/wp\/v2\/posts"}],"about":[{"href":"https:\/\/zoomproducciones.com.ar\/zoomp\/wp-json\/wp\/v2\/types\/post"}],"author":[{"embeddable":true,"href":"https:\/\/zoomproducciones.com.ar\/zoomp\/wp-json\/wp\/v2\/users\/2"}],"replies":[{"embeddable":true,"href":"https:\/\/zoomproducciones.com.ar\/zoomp\/wp-json\/wp\/v2\/comments?post=17372"}],"version-history":[{"count":1,"href":"https:\/\/zoomproducciones.com.ar\/zoomp\/wp-json\/wp\/v2\/posts\/17372\/revisions"}],"predecessor-version":[{"id":17374,"href":"https:\/\/zoomproducciones.com.ar\/zoomp\/wp-json\/wp\/v2\/posts\/17372\/revisions\/17374"}],"wp:featuredmedia":[{"embeddable":true,"href":"https:\/\/zoomproducciones.com.ar\/zoomp\/wp-json\/wp\/v2\/media\/17373"}],"wp:attachment":[{"href":"https:\/\/zoomproducciones.com.ar\/zoomp\/wp-json\/wp\/v2\/media?parent=17372"}],"wp:term":[{"taxonomy":"category","embeddable":true,"href":"https:\/\/zoomproducciones.com.ar\/zoomp\/wp-json\/wp\/v2\/categories?post=17372"},{"taxonomy":"post_tag","embeddable":true,"href":"https:\/\/zoomproducciones.com.ar\/zoomp\/wp-json\/wp\/v2\/tags?post=17372"}],"curies":[{"name":"wp","href":"https:\/\/api.w.org\/{rel}","templated":true}]}}