{"id":1730,"date":"2022-11-15T09:47:39","date_gmt":"2022-11-15T12:47:39","guid":{"rendered":"http:\/\/zoomproducciones.com.ar\/zoomp\/?p=1730"},"modified":"2022-11-15T09:47:40","modified_gmt":"2022-11-15T12:47:40","slug":"fernandez-se-reunio-con-el-presidente-chino-xi-jinping","status":"publish","type":"post","link":"https:\/\/zoomproducciones.com.ar\/zoomp\/fernandez-se-reunio-con-el-presidente-chino-xi-jinping\/","title":{"rendered":"Fern\u00e1ndez se reuni\u00f3 con el presidente chino Xi Jinping"},"content":{"rendered":"\n<p>El presidente Alberto Fern\u00e1ndez&nbsp;<strong>retom\u00f3 su actividad&nbsp;<\/strong>en Bali, Indonesia, luego de presentar una gastritis erosiva con signos de sangrado que lo oblig\u00f3 a suspender su participaci\u00f3n en la cumbre del G20, y mantuvo una&nbsp;<strong>reuni\u00f3n bilateral con su par chino Xi Jinping<\/strong>.<\/p>\n\n\n\n<p>Fern\u00e1ndez y Xi&nbsp;<strong>dialogaron durante 20 minutos<\/strong>&nbsp;en el Hotel Mulia, informaron fuentes oficiales.<\/p>\n\n\n\n<figure class=\"wp-block-image\"><a href=\"javascript:void(0);\"><img decoding=\"async\" src=\"https:\/\/www.telam.com.ar\/thumbs\/bluesteel\/advf\/imagenes\/2022\/11\/637370b9039c5_1200.jpg\" alt=\"Foto Presidencia\"\/><\/a><figcaption class=\"wp-element-caption\">Foto: Presidencia.<\/figcaption><\/figure>\n\n\n\n<p>En la reuni\u00f3n, el jefe de Estado argentino estuvo acompa\u00f1ado por el canciller Santiago Cafiero; el ministro de Econom\u00eda, Sergio Massa; los secretarios General de la Presidencia, Julio Vitobello; y de Comunicaci\u00f3n y Prensa, Gabriela Cerruti; el vicejefe de Gabinete, Juan Manuel Olmos; la secretaria de Energ\u00eda, Flavia Roy\u00f3n; y la jefa de Gabinete de Canciller\u00eda, Luciana Tito.<\/p>\n\n\n\n<p>El mandatario tambi\u00e9n estuvo acompa\u00f1ado en forma permanente por el doctor Manuel Estigarribia, de la Unidad M\u00e9dica Presidencial, informaron fuentes oficiales.<\/p>\n\n\n\n<figure class=\"wp-block-image\"><a href=\"javascript:void(0);\"><img decoding=\"async\" src=\"https:\/\/www.telam.com.ar\/thumbs\/bluesteel\/advf\/imagenes\/2022\/11\/637370b8da777_1200.jpg\" alt=\"Foto Presidencia\"\/><\/a><figcaption class=\"wp-element-caption\">Foto: Presidencia.<\/figcaption><\/figure>\n\n\n\n<h2 class=\"wp-block-heading\">El parte m\u00e9dico de Alberto Fern\u00e1ndez<\/h2>\n\n\n\n<p>El nuevo parte emitido por la Unidad M\u00e9dica Presidencial a las 15.26 hora local (4.26 de la Argentina) se\u00f1ala que \u00aben el d\u00eda de la fecha el Se\u00f1or Presidente de la Naci\u00f3n Argentina, Dr. Alberto \u00c1ngel Fern\u00e1ndez fue evaluado medicamente, se diagnostic\u00f3 una gastritis erosiva con signos de sangrado, recibi\u00f3 el tratamiento m\u00e9dico adecuado encontr\u00e1ndose en buen estado de salud y reanudando sus actividades con control m\u00e9dico\u00bb.<\/p>\n\n\n\n<p>\u00abEste equipo mantendr\u00e1 informada a la opini\u00f3n p\u00fablica de la evoluci\u00f3n m\u00e9dica del Se\u00f1or Presidente de la Naci\u00f3n\u00bb, completa el informe firmado por el m\u00e9dico Federico Saavedra.<\/p>\n\n\n\n<p>Fern\u00e1ndez&nbsp;<strong>tuvo \u00abun episodio complicado\u00bb porque \u00absangr\u00f3 mucho y eso le provoc\u00f3 la descompensaci\u00f3n\u00bb<\/strong>, seg\u00fan explicaron fuentes de Presidencia.<\/p>\n\n\n\n<p>El mandatario fue trasladado al Sanglah General Hospital de Bali, acompa\u00f1ado por el ministro de Salud de Indonesia, Budi Gunadi Sadikin, y en ese centro asistencial le hicieron estudios y le aplicaron suero, a\u00f1adieron los voceros a los periodistas que cubren la gira presidencial.<\/p>\n\n\n\n<p>A las 11.16 de Indonesia (las 0.16 de la Argentina), un primer parte m\u00e9dico indicaba que Fern\u00e1ndez present\u00f3 \u00abun episodio de hipotensi\u00f3n y mareos\u00bb y \u00abpor tal motivo se decidi\u00f3 realizar los estudios de diagn\u00f3stico de rigor a fin de preservar su salud y evitar complicaciones\u00bb.<\/p>\n\n\n\n<p>Debido al cuadro de salud del Presidente, el canciller Santiago Cafiero lo reemplaz\u00f3 en el primer panel de apertura de la cumbre de l\u00edderes sobre \u00abSeguridad alimentaria y energ\u00e9tica\u00bb como tambi\u00e9n en el almuerzo de bienvenida.<\/p>\n\n\n\n<p>T\u00e9lam.<\/p>\n","protected":false},"excerpt":{"rendered":"<p>El presidente Alberto Fern\u00e1ndez&nbsp;retom\u00f3 su actividad&nbsp;en Bali, Indonesia, luego de presentar una gastritis erosiva con signos de sangrado que lo oblig\u00f3 a suspender su participaci\u00f3n en la cumbre del G20, y mantuvo una&nbsp;reuni\u00f3n bilateral con su par chino Xi Jinping. Fern\u00e1ndez y Xi&nbsp;dialogaron durante 20 minutos&nbsp;en el Hotel Mulia, informaron fuentes oficiales. En la reuni\u00f3n, [&hellip;]<\/p>\n","protected":false},"author":2,"featured_media":0,"comment_status":"closed","ping_status":"open","sticky":false,"template":"","format":"standard","meta":{"footnotes":""},"categories":[8],"tags":[128,118,241,117],"class_list":{"0":"post-1730","1":"post","2":"type-post","3":"status-publish","4":"format-standard","6":"category-nacionales","7":"tag-alberto-fernandez","8":"tag-argentina","9":"tag-g20","10":"tag-gobierno-nacional"},"_links":{"self":[{"href":"https:\/\/zoomproducciones.com.ar\/zoomp\/wp-json\/wp\/v2\/posts\/1730","targetHints":{"allow":["GET"]}}],"collection":[{"href":"https:\/\/zoomproducciones.com.ar\/zoomp\/wp-json\/wp\/v2\/posts"}],"about":[{"href":"https:\/\/zoomproducciones.com.ar\/zoomp\/wp-json\/wp\/v2\/types\/post"}],"author":[{"embeddable":true,"href":"https:\/\/zoomproducciones.com.ar\/zoomp\/wp-json\/wp\/v2\/users\/2"}],"replies":[{"embeddable":true,"href":"https:\/\/zoomproducciones.com.ar\/zoomp\/wp-json\/wp\/v2\/comments?post=1730"}],"version-history":[{"count":1,"href":"https:\/\/zoomproducciones.com.ar\/zoomp\/wp-json\/wp\/v2\/posts\/1730\/revisions"}],"predecessor-version":[{"id":1734,"href":"https:\/\/zoomproducciones.com.ar\/zoomp\/wp-json\/wp\/v2\/posts\/1730\/revisions\/1734"}],"wp:attachment":[{"href":"https:\/\/zoomproducciones.com.ar\/zoomp\/wp-json\/wp\/v2\/media?parent=1730"}],"wp:term":[{"taxonomy":"category","embeddable":true,"href":"https:\/\/zoomproducciones.com.ar\/zoomp\/wp-json\/wp\/v2\/categories?post=1730"},{"taxonomy":"post_tag","embeddable":true,"href":"https:\/\/zoomproducciones.com.ar\/zoomp\/wp-json\/wp\/v2\/tags?post=1730"}],"curies":[{"name":"wp","href":"https:\/\/api.w.org\/{rel}","templated":true}]}}