{"id":1726,"date":"2022-11-15T09:42:43","date_gmt":"2022-11-15T12:42:43","guid":{"rendered":"http:\/\/zoomproducciones.com.ar\/zoomp\/?p=1726"},"modified":"2022-11-15T09:42:45","modified_gmt":"2022-11-15T12:42:45","slug":"mauricio-macri-llega-a-corrientes-este-miercoles","status":"publish","type":"post","link":"https:\/\/zoomproducciones.com.ar\/zoomp\/mauricio-macri-llega-a-corrientes-este-miercoles\/","title":{"rendered":"Mauricio Macri llega a Corrientes este mi\u00e9rcoles"},"content":{"rendered":"\n<p>Gustavo Vald\u00e9s confirm\u00f3 la presencia del ex presidente de la Naci\u00f3n, Mauricio Macri, en Corrientes. Juntos recorreran obras en Goya y presentar\u00e1 su libro \u00bbPara qu\u00e9\u00bb en el Auditorio Juli\u00e1n Zini. \u00bbCoincidentes en que debemos fortalecer <a href=\"https:\/\/twitter.com\/juntoscambioar\">@juntoscambioar<\/a>, compartiremos actividades en <a href=\"https:\/\/twitter.com\/hashtag\/Goya?src=hashtag_click\">#Goya<\/a> y <a href=\"https:\/\/twitter.com\/hashtag\/Capital?src=hashtag_click\">#Capital<\/a> para dialogar con vecinos y sectores productivos\u00bb coment\u00f3 v\u00eda Twitter el gobernador provincial.<\/p>\n\n\n\n<p>Mauricio Macri llega a Corrientes este mi\u00e9rcoles. \u00bbVa a estar aterrizando en la ciudad de Goya, recorreremos parques industriales y mostraremos todo el potencial de esa ciudad\u00bb explic\u00f3 Vald\u00e9s. <\/p>\n\n\n\n<p>Luego, en la Capital, presentar\u00e1 su libro \u00bbPara qu\u00e9\u00bb en el Auditorio Juli\u00e1n Zini. Tal obra fue presentada por primera vez el 18 de octubre y el ex presidente se encuentra realizando presentaciones en distintos puntos del pa\u00eds. \u00bbLos invitamos a todos, porque es interesante que nos digan para qu\u00e9 necesitamos transformar la Argentina y que nos transmita su punto de vista\u201d dijo el gobernador a la prensa.<\/p>\n\n\n\n<p>La visita de Maurio Macri se produce en medio de la delicada interna de la oposici\u00f3n; la semana pasada se llev\u00f3 a cabo la Mesa Nacional de Juntos por el Cambio, donde se llam\u00f3 a la unidad y a calmar los \u00e1nimos. De la reuni\u00f3n particip\u00f3 el ex presidente, Patricia Bullrich y Horacio Rodr\u00edguez Larreta. \u00a0<\/p>\n\n\n\n<figure class=\"wp-block-embed is-type-rich is-provider-twitter wp-block-embed-twitter\"><div class=\"wp-block-embed__wrapper\">\n<blockquote class=\"twitter-tweet\" data-width=\"550\" data-dnt=\"true\"><p lang=\"es\" dir=\"ltr\">Este mi\u00e9rcoles, el expresidente de la Naci\u00f3n <a href=\"https:\/\/twitter.com\/mauriciomacri?ref_src=twsrc%5Etfw\">@mauriciomacri<\/a> estar\u00e1 en <a href=\"https:\/\/twitter.com\/hashtag\/Corrientes?src=hash&amp;ref_src=twsrc%5Etfw\">#Corrientes<\/a>. Coincidentes en que debemos fortalecer <a href=\"https:\/\/twitter.com\/juntoscambioar?ref_src=twsrc%5Etfw\">@juntoscambioar<\/a>, compartiremos actividades en <a href=\"https:\/\/twitter.com\/hashtag\/Goya?src=hash&amp;ref_src=twsrc%5Etfw\">#Goya<\/a> y <a href=\"https:\/\/twitter.com\/hashtag\/Capital?src=hash&amp;ref_src=twsrc%5Etfw\">#Capital<\/a> para dialogar con vecinos y sectores productivos sobre el presente y el futuro del pa\u00eds \ud83c\udde6\ud83c\uddf7<\/p>&mdash; Gustavo Vald\u00e9s (@gustavovaldesok) <a href=\"https:\/\/twitter.com\/gustavovaldesok\/status\/1592170544186523650?ref_src=twsrc%5Etfw\">November 14, 2022<\/a><\/blockquote><script async src=\"https:\/\/platform.twitter.com\/widgets.js\" charset=\"utf-8\"><\/script>\n<\/div><\/figure>\n","protected":false},"excerpt":{"rendered":"<p>Gustavo Vald\u00e9s confirm\u00f3 la presencia del ex presidente de la Naci\u00f3n, Mauricio Macri, en Corrientes. Juntos recorreran obras en Goya y presentar\u00e1 su libro \u00bbPara qu\u00e9\u00bb en el Auditorio Juli\u00e1n Zini. \u00bbCoincidentes en que debemos fortalecer @juntoscambioar, compartiremos actividades en #Goya y #Capital para dialogar con vecinos y sectores productivos\u00bb coment\u00f3 v\u00eda Twitter el gobernador [&hellip;]<\/p>\n","protected":false},"author":2,"featured_media":0,"comment_status":"closed","ping_status":"open","sticky":false,"template":"","format":"standard","meta":{"footnotes":""},"categories":[6],"tags":[125,123,153],"class_list":{"0":"post-1726","1":"post","2":"type-post","3":"status-publish","4":"format-standard","6":"category-infogral","7":"tag-corrientes","8":"tag-gustavo-valdes","9":"tag-mauricio-macri"},"_links":{"self":[{"href":"https:\/\/zoomproducciones.com.ar\/zoomp\/wp-json\/wp\/v2\/posts\/1726","targetHints":{"allow":["GET"]}}],"collection":[{"href":"https:\/\/zoomproducciones.com.ar\/zoomp\/wp-json\/wp\/v2\/posts"}],"about":[{"href":"https:\/\/zoomproducciones.com.ar\/zoomp\/wp-json\/wp\/v2\/types\/post"}],"author":[{"embeddable":true,"href":"https:\/\/zoomproducciones.com.ar\/zoomp\/wp-json\/wp\/v2\/users\/2"}],"replies":[{"embeddable":true,"href":"https:\/\/zoomproducciones.com.ar\/zoomp\/wp-json\/wp\/v2\/comments?post=1726"}],"version-history":[{"count":1,"href":"https:\/\/zoomproducciones.com.ar\/zoomp\/wp-json\/wp\/v2\/posts\/1726\/revisions"}],"predecessor-version":[{"id":1728,"href":"https:\/\/zoomproducciones.com.ar\/zoomp\/wp-json\/wp\/v2\/posts\/1726\/revisions\/1728"}],"wp:attachment":[{"href":"https:\/\/zoomproducciones.com.ar\/zoomp\/wp-json\/wp\/v2\/media?parent=1726"}],"wp:term":[{"taxonomy":"category","embeddable":true,"href":"https:\/\/zoomproducciones.com.ar\/zoomp\/wp-json\/wp\/v2\/categories?post=1726"},{"taxonomy":"post_tag","embeddable":true,"href":"https:\/\/zoomproducciones.com.ar\/zoomp\/wp-json\/wp\/v2\/tags?post=1726"}],"curies":[{"name":"wp","href":"https:\/\/api.w.org\/{rel}","templated":true}]}}