{"id":1723,"date":"2022-11-15T09:31:44","date_gmt":"2022-11-15T12:31:44","guid":{"rendered":"http:\/\/zoomproducciones.com.ar\/zoomp\/?p=1723"},"modified":"2022-11-15T09:31:45","modified_gmt":"2022-11-15T12:31:45","slug":"pre-fiesta-nacional-del-chamame-inscripciones-abiertas","status":"publish","type":"post","link":"https:\/\/zoomproducciones.com.ar\/zoomp\/pre-fiesta-nacional-del-chamame-inscripciones-abiertas\/","title":{"rendered":"Pre Fiesta Nacional del Chamam\u00e9: inscripciones abiertas"},"content":{"rendered":"\n<p>El Municipio de Paso de los Libres inform\u00f3 que a hasta el jueves 24 de noviembre, conjuntos musicales, solistas, grupos de danza y recitadores podr\u00e1n inscribirse para participar en la Pre Fiesta Nacional del Chamam\u00e9 a realizarse el 27 de noviembre.<\/p>\n\n\n\n<p>Los artistas interesados deber\u00e1n acercarse de lunes a viernes de 8 a 12 horas a Sarmiento 830 o bien, comunicarse al email cultura@mplibres.gob.ar<\/p>\n\n\n\n<p>El evento es organizado por el Instituto de Cultura de la Provincia en conjunto con la Direcci\u00f3n de Cultura; y se realizar\u00e1 el pr\u00f3ximo 27 de noviembre.<\/p>\n\n\n\n<iframe loading=\"lazy\" src=\"https:\/\/www.facebook.com\/plugins\/post.php?href=https%3A%2F%2Fwww.facebook.com%2FPasodeloslibres.gob%2Fposts%2Fpfbid0T21HNG7Ezz3TrTdvcbGZDZx8427h3gnz368BHn9bPR7BcAvzWsmNkJHtKrvXqcuQl&#038;show_text=true&#038;width=500\" width=\"500\" height=\"757\" style=\"border:none;overflow:hidden\" scrolling=\"no\" frameborder=\"0\" allowfullscreen=\"true\" allow=\"autoplay; clipboard-write; encrypted-media; picture-in-picture; web-share\"><\/iframe>\n","protected":false},"excerpt":{"rendered":"<p>El Municipio de Paso de los Libres inform\u00f3 que a hasta el jueves 24 de noviembre, conjuntos musicales, solistas, grupos de danza y recitadores podr\u00e1n inscribirse para participar en la Pre Fiesta Nacional del Chamam\u00e9 a realizarse el 27 de noviembre. Los artistas interesados deber\u00e1n acercarse de lunes a viernes de 8 a 12 horas [&hellip;]<\/p>\n","protected":false},"author":2,"featured_media":0,"comment_status":"closed","ping_status":"open","sticky":false,"template":"","format":"standard","meta":{"footnotes":""},"categories":[5],"tags":[42,115,116],"class_list":{"0":"post-1723","1":"post","2":"type-post","3":"status-publish","4":"format-standard","6":"category-locales","7":"tag-featured","8":"tag-municipalidad","9":"tag-paso-de-los-libres"},"_links":{"self":[{"href":"https:\/\/zoomproducciones.com.ar\/zoomp\/wp-json\/wp\/v2\/posts\/1723","targetHints":{"allow":["GET"]}}],"collection":[{"href":"https:\/\/zoomproducciones.com.ar\/zoomp\/wp-json\/wp\/v2\/posts"}],"about":[{"href":"https:\/\/zoomproducciones.com.ar\/zoomp\/wp-json\/wp\/v2\/types\/post"}],"author":[{"embeddable":true,"href":"https:\/\/zoomproducciones.com.ar\/zoomp\/wp-json\/wp\/v2\/users\/2"}],"replies":[{"embeddable":true,"href":"https:\/\/zoomproducciones.com.ar\/zoomp\/wp-json\/wp\/v2\/comments?post=1723"}],"version-history":[{"count":1,"href":"https:\/\/zoomproducciones.com.ar\/zoomp\/wp-json\/wp\/v2\/posts\/1723\/revisions"}],"predecessor-version":[{"id":1725,"href":"https:\/\/zoomproducciones.com.ar\/zoomp\/wp-json\/wp\/v2\/posts\/1723\/revisions\/1725"}],"wp:attachment":[{"href":"https:\/\/zoomproducciones.com.ar\/zoomp\/wp-json\/wp\/v2\/media?parent=1723"}],"wp:term":[{"taxonomy":"category","embeddable":true,"href":"https:\/\/zoomproducciones.com.ar\/zoomp\/wp-json\/wp\/v2\/categories?post=1723"},{"taxonomy":"post_tag","embeddable":true,"href":"https:\/\/zoomproducciones.com.ar\/zoomp\/wp-json\/wp\/v2\/tags?post=1723"}],"curies":[{"name":"wp","href":"https:\/\/api.w.org\/{rel}","templated":true}]}}