{"id":17222,"date":"2024-07-12T08:40:31","date_gmt":"2024-07-12T11:40:31","guid":{"rendered":"http:\/\/zoomproducciones.com.ar\/zoomp\/?p=17222"},"modified":"2024-07-12T08:40:31","modified_gmt":"2024-07-12T11:40:31","slug":"burlando-pide-la-detencion-de-la-hija-de-laudelina-pena-y-su-abogado","status":"publish","type":"post","link":"https:\/\/zoomproducciones.com.ar\/zoomp\/burlando-pide-la-detencion-de-la-hija-de-laudelina-pena-y-su-abogado\/","title":{"rendered":"Burlando pide la detenci\u00f3n de la hija de Laudelina Pe\u00f1a y su abogado"},"content":{"rendered":"\n<p>Fernando Burlando, abogado de los padres de Loan Danilo Pe\u00f1a, anunci\u00f3 este jueves que solicitar\u00e1 la detenci\u00f3n de Macarena Pe\u00f1a, hija de la detenida Laudelina Pe\u00f1a, y del abogado Jos\u00e9 Fern\u00e1ndez Codazzi, quien asesoraba a la mujer.<\/p>\n\n\n\n<p>\u00ab<strong>Vamos a pedirle la detenci\u00f3n a la Justicia, tanto de Macarena como de Jos\u00e9 Codazzi. <\/strong>Es lo que nuevamente piden los familiares de Loan\u00bb, declar\u00f3 Burlando.<\/p>\n\n\n\n<p>Macarena est\u00e1 acusada de participar en una supuesta maniobra para plantar la zapatilla del ni\u00f1o desaparecido el 13 de junio pasado en 9 de Julio, Corrientes.<\/p>\n\n\n\n<p>La declaraci\u00f3n de una testigo clave, Eugenia, quien encontr\u00f3 el calzado del ni\u00f1o, fortaleci\u00f3 las sospechas sobre la participaci\u00f3n de Macarena.<\/p>\n\n\n\n<p>Eugenia, vecina de 9 de Julio, relat\u00f3 que<strong> se encontr\u00f3 con Laudelina Pe\u00f1a y su hija mientras buscaban a Loan.<\/strong> Durante la b\u00fasqueda, Laudelina le indic\u00f3 a Macarena que fueran a un lugar donde hab\u00edan encontrado huellas. Al llegar al lugar, <strong>Macarena sac\u00f3 la zapatilla del ni\u00f1o, pero le pareci\u00f3 extra\u00f1o que estuviera \u00abmuy pesada, con mucho barro<\/strong>\u00ab.<\/p>\n\n\n\n<p>La testigo tambi\u00e9n remarc\u00f3 que el comisario Walter Maciel recibi\u00f3 una llamada telef\u00f3nica donde se le inform\u00f3 que dos chicas hab\u00edan encontrado el bot\u00edn, generando m\u00e1s sospechas sobre la posibilidad de que la zapatilla haya sido plantada.<\/p>\n\n\n\n<p>La declaraci\u00f3n de Eugenia, sumada a las acusaciones de Burlando, fortalecen la hip\u00f3tesis de que Macarena Pe\u00f1a pudo haber estado involucrada en la desaparici\u00f3n de Loan.<\/p>\n","protected":false},"excerpt":{"rendered":"<p>Fernando Burlando, abogado de los padres de Loan Danilo Pe\u00f1a, anunci\u00f3 este jueves que solicitar\u00e1 la detenci\u00f3n de Macarena Pe\u00f1a, hija de la detenida Laudelina Pe\u00f1a, y del abogado Jos\u00e9 Fern\u00e1ndez Codazzi, quien asesoraba a la mujer. \u00abVamos a pedirle la detenci\u00f3n a la Justicia, tanto de Macarena como de Jos\u00e9 Codazzi. Es lo que [&hellip;]<\/p>\n","protected":false},"author":2,"featured_media":17223,"comment_status":"closed","ping_status":"open","sticky":false,"template":"","format":"standard","meta":{"footnotes":""},"categories":[533],"tags":[534],"class_list":{"0":"post-17222","1":"post","2":"type-post","3":"status-publish","4":"format-standard","5":"has-post-thumbnail","7":"category-caso-loan","8":"tag-caso-loan"},"_links":{"self":[{"href":"https:\/\/zoomproducciones.com.ar\/zoomp\/wp-json\/wp\/v2\/posts\/17222","targetHints":{"allow":["GET"]}}],"collection":[{"href":"https:\/\/zoomproducciones.com.ar\/zoomp\/wp-json\/wp\/v2\/posts"}],"about":[{"href":"https:\/\/zoomproducciones.com.ar\/zoomp\/wp-json\/wp\/v2\/types\/post"}],"author":[{"embeddable":true,"href":"https:\/\/zoomproducciones.com.ar\/zoomp\/wp-json\/wp\/v2\/users\/2"}],"replies":[{"embeddable":true,"href":"https:\/\/zoomproducciones.com.ar\/zoomp\/wp-json\/wp\/v2\/comments?post=17222"}],"version-history":[{"count":1,"href":"https:\/\/zoomproducciones.com.ar\/zoomp\/wp-json\/wp\/v2\/posts\/17222\/revisions"}],"predecessor-version":[{"id":17224,"href":"https:\/\/zoomproducciones.com.ar\/zoomp\/wp-json\/wp\/v2\/posts\/17222\/revisions\/17224"}],"wp:featuredmedia":[{"embeddable":true,"href":"https:\/\/zoomproducciones.com.ar\/zoomp\/wp-json\/wp\/v2\/media\/17223"}],"wp:attachment":[{"href":"https:\/\/zoomproducciones.com.ar\/zoomp\/wp-json\/wp\/v2\/media?parent=17222"}],"wp:term":[{"taxonomy":"category","embeddable":true,"href":"https:\/\/zoomproducciones.com.ar\/zoomp\/wp-json\/wp\/v2\/categories?post=17222"},{"taxonomy":"post_tag","embeddable":true,"href":"https:\/\/zoomproducciones.com.ar\/zoomp\/wp-json\/wp\/v2\/tags?post=17222"}],"curies":[{"name":"wp","href":"https:\/\/api.w.org\/{rel}","templated":true}]}}