{"id":1718,"date":"2022-11-15T09:19:51","date_gmt":"2022-11-15T12:19:51","guid":{"rendered":"http:\/\/zoomproducciones.com.ar\/zoomp\/?p=1718"},"modified":"2022-11-15T09:19:52","modified_gmt":"2022-11-15T12:19:52","slug":"plus-de-refuerzo-comienza-el-pago-a-estatales","status":"publish","type":"post","link":"https:\/\/zoomproducciones.com.ar\/zoomp\/plus-de-refuerzo-comienza-el-pago-a-estatales\/","title":{"rendered":"Plus de refuerzo: comienza el pago a estatales"},"content":{"rendered":"\n<p>Este martes comienza el cronograma del pago del plus de refuerzo para trabajadores estatales activos y jubilados. Se trata del monto de 10 mil pesos que corresponde al mes de noviembre. Hoy cobrar\u00e1n aquellos con DNI terminados en 0 \u2013 1; ma\u00f1ana mi\u00e9rcoles 2 y 3;  y continuar\u00e1 a raz\u00f3n de dos d\u00edgitos hasta finalizar el martes 22. Por cajero el monto estar\u00e1 depositado el s\u00e1bado 19.<\/p>\n\n\n\n<p>El gobernador public\u00f3 v\u00eda redes sociales el pago del monto de 10 mil pesos que corresponde al mes de noviembre. El cronograma se divide por terminaci\u00f3n de DNI e inicia este martes 15\/11.<\/p>\n\n\n\n<p>CRONOGRAMA<\/p>\n\n\n\n<p>\u2022 Martes 15: 0 y 1<\/p>\n\n\n\n<p>\u2022 Mi\u00e9rcoles 16: 2 y 3<\/p>\n\n\n\n<p>\u2022 Jueves 17: 4 y 5<\/p>\n\n\n\n<p>\u2022 Viernes 18: 6 y 7<\/p>\n\n\n\n<p>\u2022 Martes 22: 8 y 9*<\/p>\n\n\n\n<p>El cronograma continuar\u00e1 a raz\u00f3n de dos d\u00edgitos hasta finalizar el martes 22, con la salvedad de que el monto estar\u00e1 depositado el s\u00e1bado 19, para aquellos que cobren por cajero.<\/p>\n","protected":false},"excerpt":{"rendered":"<p>Este martes comienza el cronograma del pago del plus de refuerzo para trabajadores estatales activos y jubilados. Se trata del monto de 10 mil pesos que corresponde al mes de noviembre. Hoy cobrar\u00e1n aquellos con DNI terminados en 0 \u2013 1; ma\u00f1ana mi\u00e9rcoles 2 y 3; y continuar\u00e1 a raz\u00f3n de dos d\u00edgitos hasta finalizar [&hellip;]<\/p>\n","protected":false},"author":2,"featured_media":0,"comment_status":"closed","ping_status":"open","sticky":false,"template":"","format":"standard","meta":{"footnotes":""},"categories":[3],"tags":[125,42,113,123,111],"class_list":{"0":"post-1718","1":"post","2":"type-post","3":"status-publish","4":"format-standard","6":"category-provinciales","7":"tag-corrientes","8":"tag-featured","9":"tag-gobierno-provincial","10":"tag-gustavo-valdes","11":"tag-plus"},"_links":{"self":[{"href":"https:\/\/zoomproducciones.com.ar\/zoomp\/wp-json\/wp\/v2\/posts\/1718","targetHints":{"allow":["GET"]}}],"collection":[{"href":"https:\/\/zoomproducciones.com.ar\/zoomp\/wp-json\/wp\/v2\/posts"}],"about":[{"href":"https:\/\/zoomproducciones.com.ar\/zoomp\/wp-json\/wp\/v2\/types\/post"}],"author":[{"embeddable":true,"href":"https:\/\/zoomproducciones.com.ar\/zoomp\/wp-json\/wp\/v2\/users\/2"}],"replies":[{"embeddable":true,"href":"https:\/\/zoomproducciones.com.ar\/zoomp\/wp-json\/wp\/v2\/comments?post=1718"}],"version-history":[{"count":1,"href":"https:\/\/zoomproducciones.com.ar\/zoomp\/wp-json\/wp\/v2\/posts\/1718\/revisions"}],"predecessor-version":[{"id":1719,"href":"https:\/\/zoomproducciones.com.ar\/zoomp\/wp-json\/wp\/v2\/posts\/1718\/revisions\/1719"}],"wp:attachment":[{"href":"https:\/\/zoomproducciones.com.ar\/zoomp\/wp-json\/wp\/v2\/media?parent=1718"}],"wp:term":[{"taxonomy":"category","embeddable":true,"href":"https:\/\/zoomproducciones.com.ar\/zoomp\/wp-json\/wp\/v2\/categories?post=1718"},{"taxonomy":"post_tag","embeddable":true,"href":"https:\/\/zoomproducciones.com.ar\/zoomp\/wp-json\/wp\/v2\/tags?post=1718"}],"curies":[{"name":"wp","href":"https:\/\/api.w.org\/{rel}","templated":true}]}}