{"id":1713,"date":"2022-11-15T09:13:07","date_gmt":"2022-11-15T12:13:07","guid":{"rendered":"http:\/\/zoomproducciones.com.ar\/zoomp\/?p=1713"},"modified":"2022-11-15T09:15:35","modified_gmt":"2022-11-15T12:15:35","slug":"valdes-confirmo-aumentos-salariales-y-bono-de-fin-de-ano","status":"publish","type":"post","link":"https:\/\/zoomproducciones.com.ar\/zoomp\/valdes-confirmo-aumentos-salariales-y-bono-de-fin-de-ano\/","title":{"rendered":"Vald\u00e9s confirm\u00f3 aumentos salariales y bono de fin de a\u00f1o"},"content":{"rendered":"\n<p>Gustavo Vald\u00e9s adelant\u00f3 que el Gobierno provincial trabaja en un bono de fin de a\u00f1o que ser\u00e1 anunciado en diciembre. Tambi\u00e9n ratific\u00f3 el aumento de los salarios del mes de noviembre para los trabajadores estatales. \u201cLe di instrucciones al Ministro de Econom\u00eda (Marcelo Rivas Piasentini) que sea un bono importante, porque sabemos que la situaci\u00f3n econ\u00f3mica es muy dif\u00edcil en la Argentina\u201d, explic\u00f3 a la prensa.<\/p>\n\n\n\n<p>Luego de la presentac\u00f3n del Concurso de Pesca del Surub\u00ed, en Ituzaing\u00f3, Gustavo Vald\u00e9s charl\u00f3 con la prensa sobre los aumentos de fin de a\u00f1o. El gobernador asegur\u00f3 que en el mes de noviembre los empleados de la administraci\u00f3n p\u00fablica cobrar\u00e1n con aumento.<\/p>\n\n\n\n<p>Entre enero y septiembre, en Corrientes los agentes de la administraci\u00f3n p\u00fablica provincial superaron en un 15,4 % al acumulado de la inflaci\u00f3n, que fue del 66,1 %, como resultado de los cambios en la pol\u00edtica salarial aplicadas por Vald\u00e9s. <strong>Dato presentado por el diario El Litoral.<\/strong><\/p>\n\n\n\n<h2 class=\"wp-block-heading\">Bono de fin de a\u00f1o<\/h2>\n\n\n\n<p>Gustavo Vald\u00e9s inform\u00f3 que el bono de fin de a\u00f1o ser\u00e1 anunciado en diciembre. \u201cLe di instrucciones al Ministro de Econom\u00eda (Marcelo Rivas Piasentini) que sea un bono importante, porque sabemos que la situaci\u00f3n econ\u00f3mica es muy dif\u00edcil en la Argentina\u201d, expres\u00f3 el gobernador.<\/p>\n\n\n\n<p>\u00bbVamos a tratar de acompa\u00f1ar con un bono lo m\u00e1s grande posible y para eso estamos mirando cuales son los n\u00fameros de la recaudaci\u00f3n\u00bb explic\u00f3 a la prensa y agreg\u00f3: \u00bbvamos a hacer un esfuerzo enorme\u00bb.<\/p>\n\n\n\n<p>\u201cTambi\u00e9n dimos rienda a que puedan hacer una canasta navide\u00f1a que sea accesible\u201d, dijo, y adem\u00e1s inform\u00f3 que se impulsar\u00e1n promociones en la carne de cordero correntino \u201cque realmente es muy bueno\u201d.<\/p>\n","protected":false},"excerpt":{"rendered":"<p>Gustavo Vald\u00e9s adelant\u00f3 que el Gobierno provincial trabaja en un bono de fin de a\u00f1o que ser\u00e1 anunciado en diciembre. Tambi\u00e9n ratific\u00f3 el aumento de los salarios del mes de noviembre para los trabajadores estatales. \u201cLe di instrucciones al Ministro de Econom\u00eda (Marcelo Rivas Piasentini) que sea un bono importante, porque sabemos que la situaci\u00f3n [&hellip;]<\/p>\n","protected":false},"author":2,"featured_media":0,"comment_status":"closed","ping_status":"open","sticky":false,"template":"","format":"standard","meta":{"footnotes":""},"categories":[5],"tags":[125,42,117,123],"class_list":{"0":"post-1713","1":"post","2":"type-post","3":"status-publish","4":"format-standard","6":"category-locales","7":"tag-corrientes","8":"tag-featured","9":"tag-gobierno-nacional","10":"tag-gustavo-valdes"},"_links":{"self":[{"href":"https:\/\/zoomproducciones.com.ar\/zoomp\/wp-json\/wp\/v2\/posts\/1713","targetHints":{"allow":["GET"]}}],"collection":[{"href":"https:\/\/zoomproducciones.com.ar\/zoomp\/wp-json\/wp\/v2\/posts"}],"about":[{"href":"https:\/\/zoomproducciones.com.ar\/zoomp\/wp-json\/wp\/v2\/types\/post"}],"author":[{"embeddable":true,"href":"https:\/\/zoomproducciones.com.ar\/zoomp\/wp-json\/wp\/v2\/users\/2"}],"replies":[{"embeddable":true,"href":"https:\/\/zoomproducciones.com.ar\/zoomp\/wp-json\/wp\/v2\/comments?post=1713"}],"version-history":[{"count":1,"href":"https:\/\/zoomproducciones.com.ar\/zoomp\/wp-json\/wp\/v2\/posts\/1713\/revisions"}],"predecessor-version":[{"id":1715,"href":"https:\/\/zoomproducciones.com.ar\/zoomp\/wp-json\/wp\/v2\/posts\/1713\/revisions\/1715"}],"wp:attachment":[{"href":"https:\/\/zoomproducciones.com.ar\/zoomp\/wp-json\/wp\/v2\/media?parent=1713"}],"wp:term":[{"taxonomy":"category","embeddable":true,"href":"https:\/\/zoomproducciones.com.ar\/zoomp\/wp-json\/wp\/v2\/categories?post=1713"},{"taxonomy":"post_tag","embeddable":true,"href":"https:\/\/zoomproducciones.com.ar\/zoomp\/wp-json\/wp\/v2\/tags?post=1713"}],"curies":[{"name":"wp","href":"https:\/\/api.w.org\/{rel}","templated":true}]}}