{"id":17040,"date":"2024-07-05T08:04:07","date_gmt":"2024-07-05T11:04:07","guid":{"rendered":"http:\/\/zoomproducciones.com.ar\/zoomp\/?p=17040"},"modified":"2024-07-05T08:04:07","modified_gmt":"2024-07-05T11:04:07","slug":"vacunacion-contra-el-dengue-se-amplia-a-toda-la-provincia-de-corrientes","status":"publish","type":"post","link":"https:\/\/zoomproducciones.com.ar\/zoomp\/vacunacion-contra-el-dengue-se-amplia-a-toda-la-provincia-de-corrientes\/","title":{"rendered":"Vacunaci\u00f3n contra el Dengue se ampl\u00eda a toda la provincia de Corrientes"},"content":{"rendered":"\n<p>El Ministerio de Salud P\u00fablica de Corrientes, encabezado por Ricardo Cardozo, anunci\u00f3 la ampliaci\u00f3n de la campa\u00f1a de vacunaci\u00f3n contra el Dengue a todas las localidades de la provincia, incluyendo a personas con y sin cobertura social. La medida se tom\u00f3 en conjunto con el gobernador Gustavo Vald\u00e9s y el equipo de Inmunizaciones.<\/p>\n\n\n\n<p>La campa\u00f1a, que comenz\u00f3 en abril en las zonas con mayor cantidad de casos, ahora se extiende a todos los departamentos de la provincia. La vacuna, gratuita, se puede solicitar a trav\u00e9s de la p\u00e1gina web <a href=\"https:\/\/vacunacion.corrientes.gob.ar\/\" target=\"_blank\" rel=\"noreferrer noopener\">vacunacion.corrientes.gob.ar<\/a>.<\/p>\n\n\n\n<p>\u00abSi bien los casos de Dengue disminuyeron con la llegada del fr\u00edo, es fundamental continuar con las tareas preventivas en articulaci\u00f3n con todos los municipios para estar preparados para la pr\u00f3xima temporada estival\u00bb, se\u00f1al\u00f3 el ministro Cardozo.<\/p>\n\n\n\n<p>Los puntos de vacunaci\u00f3n en la capital provincial son el CAPS N\u00ba 1, el hospital de Campa\u00f1a Escuela Hogar y el Hospital \u00c1ngela I. de Llano. En el interior, la vacunaci\u00f3n se lleva a cabo en los hospitales de cada localidad.<\/p>\n\n\n\n<p>Marina Cantero, directora de Inmunizaciones de la Provincia, explic\u00f3 que \u00abla vacuna tetravalente funciona replic\u00e1ndose localmente y generando anticuerpos neutralizantes para proteger contra los cuatro serotipos del Dengue\u00bb. \u00abSe ha observado un inicio r\u00e1pido de la protecci\u00f3n, lo que ha contribuido a evitar casos graves y hospitalizaciones\u00bb, agreg\u00f3.<\/p>\n","protected":false},"excerpt":{"rendered":"<p>El Ministerio de Salud P\u00fablica de Corrientes, encabezado por Ricardo Cardozo, anunci\u00f3 la ampliaci\u00f3n de la campa\u00f1a de vacunaci\u00f3n contra el Dengue a todas las localidades de la provincia, incluyendo a personas con y sin cobertura social. La medida se tom\u00f3 en conjunto con el gobernador Gustavo Vald\u00e9s y el equipo de Inmunizaciones. La campa\u00f1a, [&hellip;]<\/p>\n","protected":false},"author":2,"featured_media":17041,"comment_status":"closed","ping_status":"open","sticky":false,"template":"","format":"standard","meta":{"footnotes":""},"categories":[3],"tags":[511],"class_list":{"0":"post-17040","1":"post","2":"type-post","3":"status-publish","4":"format-standard","5":"has-post-thumbnail","7":"category-provinciales","8":"tag-bloque-2"},"_links":{"self":[{"href":"https:\/\/zoomproducciones.com.ar\/zoomp\/wp-json\/wp\/v2\/posts\/17040","targetHints":{"allow":["GET"]}}],"collection":[{"href":"https:\/\/zoomproducciones.com.ar\/zoomp\/wp-json\/wp\/v2\/posts"}],"about":[{"href":"https:\/\/zoomproducciones.com.ar\/zoomp\/wp-json\/wp\/v2\/types\/post"}],"author":[{"embeddable":true,"href":"https:\/\/zoomproducciones.com.ar\/zoomp\/wp-json\/wp\/v2\/users\/2"}],"replies":[{"embeddable":true,"href":"https:\/\/zoomproducciones.com.ar\/zoomp\/wp-json\/wp\/v2\/comments?post=17040"}],"version-history":[{"count":1,"href":"https:\/\/zoomproducciones.com.ar\/zoomp\/wp-json\/wp\/v2\/posts\/17040\/revisions"}],"predecessor-version":[{"id":17042,"href":"https:\/\/zoomproducciones.com.ar\/zoomp\/wp-json\/wp\/v2\/posts\/17040\/revisions\/17042"}],"wp:featuredmedia":[{"embeddable":true,"href":"https:\/\/zoomproducciones.com.ar\/zoomp\/wp-json\/wp\/v2\/media\/17041"}],"wp:attachment":[{"href":"https:\/\/zoomproducciones.com.ar\/zoomp\/wp-json\/wp\/v2\/media?parent=17040"}],"wp:term":[{"taxonomy":"category","embeddable":true,"href":"https:\/\/zoomproducciones.com.ar\/zoomp\/wp-json\/wp\/v2\/categories?post=17040"},{"taxonomy":"post_tag","embeddable":true,"href":"https:\/\/zoomproducciones.com.ar\/zoomp\/wp-json\/wp\/v2\/tags?post=17040"}],"curies":[{"name":"wp","href":"https:\/\/api.w.org\/{rel}","templated":true}]}}