{"id":17037,"date":"2024-07-05T07:56:37","date_gmt":"2024-07-05T10:56:37","guid":{"rendered":"http:\/\/zoomproducciones.com.ar\/zoomp\/?p=17037"},"modified":"2024-07-05T08:39:13","modified_gmt":"2024-07-05T11:39:13","slug":"caso-cecilia-strzyzowski-el-juez-declara-a-emerenciano-sena-y-marcela-acuna-coautores-del-femicidio","status":"publish","type":"post","link":"https:\/\/zoomproducciones.com.ar\/zoomp\/caso-cecilia-strzyzowski-el-juez-declara-a-emerenciano-sena-y-marcela-acuna-coautores-del-femicidio\/","title":{"rendered":"Caso Cecilia Strzyzowski:  el juez declara a Emerenciano Sena y Marcela Acu\u00f1a coautores del femicidio"},"content":{"rendered":"\n<p>El juez de Garant\u00edas N\u00ba2, H\u00e9ctor Horacio Sandoval, tom\u00f3 la decisi\u00f3n de<strong> elevar a juicio oral a Emerenciano Sena y Marcela Acu\u00f1a como coautores del femicidio de Cecilia Strzyzowski<\/strong>, mientras que su hijo, C\u00e9sar Sena, ser\u00e1 juzgado como autor del crimen.<\/p>\n\n\n\n<p>El juez rechaz\u00f3 el planteo del Equipo Fiscal Especial en las audiencias de oposici\u00f3n al requerimiento de elevaci\u00f3n a juicio, la \u00faltima oportunidad que ten\u00edan los acusados para revertir sus imputaciones.<\/p>\n\n\n\n<p>Inicialmente, los fiscales Juan Mart\u00edn Bogado, Jorge C\u00e1ceres Olivera y Nelia Vel\u00e1zquez hab\u00edan dictaminado que <strong>Emerenciano Sena y Marcela Acu\u00f1a eran part\u00edcipes necesarios del femicidio<\/strong>, mientras que su hijo, C\u00e9sar Sena, era el autor material del crimen. Sin embargo, tras las audiencias<strong>, el juez concluy\u00f3 que el Clan Sena es igual de responsable que C\u00e9sar Sena <\/strong>por la muerte de Cecilia, imput\u00e1ndolos como coautores.<\/p>\n\n\n\n<p>Si bien la car\u00e1tula de part\u00edcipes necesarios no les disminu\u00eda la pena proyectada de prisi\u00f3n perpetua, s\u00ed representaba una imputaci\u00f3n negativa para la familia de la v\u00edctima ya que les \u00abrestaba\u00bb participaci\u00f3n en el crimen.<\/p>\n\n\n\n<p>El medio Norte inform\u00f3 que <strong>el juicio oral podr\u00eda realizarse entre septiembre y octubre de este a\u00f1o,<\/strong> aunque a\u00fan no hay informaci\u00f3n oficial sobre la fecha exacta.<\/p>\n\n\n\n<p>Fuente: NA.<\/p>\n","protected":false},"excerpt":{"rendered":"<p>El juez de Garant\u00edas N\u00ba2, H\u00e9ctor Horacio Sandoval, tom\u00f3 la decisi\u00f3n de elevar a juicio oral a Emerenciano Sena y Marcela Acu\u00f1a como coautores del femicidio de Cecilia Strzyzowski, mientras que su hijo, C\u00e9sar Sena, ser\u00e1 juzgado como autor del crimen. El juez rechaz\u00f3 el planteo del Equipo Fiscal Especial en las audiencias de oposici\u00f3n [&hellip;]<\/p>\n","protected":false},"author":2,"featured_media":17038,"comment_status":"closed","ping_status":"open","sticky":false,"template":"","format":"standard","meta":{"footnotes":""},"categories":[8],"tags":[511,42],"class_list":{"0":"post-17037","1":"post","2":"type-post","3":"status-publish","4":"format-standard","5":"has-post-thumbnail","7":"category-nacionales","8":"tag-bloque-2","9":"tag-featured"},"_links":{"self":[{"href":"https:\/\/zoomproducciones.com.ar\/zoomp\/wp-json\/wp\/v2\/posts\/17037","targetHints":{"allow":["GET"]}}],"collection":[{"href":"https:\/\/zoomproducciones.com.ar\/zoomp\/wp-json\/wp\/v2\/posts"}],"about":[{"href":"https:\/\/zoomproducciones.com.ar\/zoomp\/wp-json\/wp\/v2\/types\/post"}],"author":[{"embeddable":true,"href":"https:\/\/zoomproducciones.com.ar\/zoomp\/wp-json\/wp\/v2\/users\/2"}],"replies":[{"embeddable":true,"href":"https:\/\/zoomproducciones.com.ar\/zoomp\/wp-json\/wp\/v2\/comments?post=17037"}],"version-history":[{"count":1,"href":"https:\/\/zoomproducciones.com.ar\/zoomp\/wp-json\/wp\/v2\/posts\/17037\/revisions"}],"predecessor-version":[{"id":17039,"href":"https:\/\/zoomproducciones.com.ar\/zoomp\/wp-json\/wp\/v2\/posts\/17037\/revisions\/17039"}],"wp:featuredmedia":[{"embeddable":true,"href":"https:\/\/zoomproducciones.com.ar\/zoomp\/wp-json\/wp\/v2\/media\/17038"}],"wp:attachment":[{"href":"https:\/\/zoomproducciones.com.ar\/zoomp\/wp-json\/wp\/v2\/media?parent=17037"}],"wp:term":[{"taxonomy":"category","embeddable":true,"href":"https:\/\/zoomproducciones.com.ar\/zoomp\/wp-json\/wp\/v2\/categories?post=17037"},{"taxonomy":"post_tag","embeddable":true,"href":"https:\/\/zoomproducciones.com.ar\/zoomp\/wp-json\/wp\/v2\/tags?post=17037"}],"curies":[{"name":"wp","href":"https:\/\/api.w.org\/{rel}","templated":true}]}}