{"id":17035,"date":"2024-07-05T07:50:03","date_gmt":"2024-07-05T10:50:03","guid":{"rendered":"http:\/\/zoomproducciones.com.ar\/zoomp\/?p=17035"},"modified":"2024-07-05T07:50:03","modified_gmt":"2024-07-05T10:50:03","slug":"sturzenegger-al-frente-del-nuevo-ministerio-de-desregulacion-y-transformacion-del-estado","status":"publish","type":"post","link":"https:\/\/zoomproducciones.com.ar\/zoomp\/sturzenegger-al-frente-del-nuevo-ministerio-de-desregulacion-y-transformacion-del-estado\/","title":{"rendered":"Sturzenegger al frente del nuevo Ministerio de Desregulaci\u00f3n y Transformaci\u00f3n del Estado"},"content":{"rendered":"\n<p>El gobierno confirm\u00f3 este viernes la designaci\u00f3n del economista Federico Sturzenegger como titular del nuevo Ministerio de Desregulaci\u00f3n y Transformaci\u00f3n del Estado. El decreto 586\/2024, firmado por los siete ministros y el jefe de Gabinete Guillermo Francos, oficializa la nominaci\u00f3n.<\/p>\n\n\n\n<p>El presidente Javier Milei le dar\u00e1 formalmente posesi\u00f3n del cargo a Sturzenegger este viernes por la tarde. El nuevo ministerio tendr\u00e1 como principal objetivo continuar con las iniciativas de desregulaci\u00f3n del Estado, impulsadas por el propio Sturzenegger a trav\u00e9s del mega DNU y la Ley de Bases, ambos aprobados recientemente.<\/p>\n\n\n\n<p>Sturzenegger, de 57 a\u00f1os, cuenta con una amplia trayectoria en la funci\u00f3n p\u00fablica. Se desempe\u00f1\u00f3 como Secretario de Pol\u00edtica Econ\u00f3mica en el gobierno de Fernando De la R\u00faa, fue titular del Banco Ciudad durante el mandato de Mauricio Macri como jefe de gobierno porte\u00f1o y presidente del Banco Central durante la presidencia de Macri. Adem\u00e1s, fue diputado nacional del PRO por la Ciudad entre 2013 y 2015.<\/p>\n","protected":false},"excerpt":{"rendered":"<p>El gobierno confirm\u00f3 este viernes la designaci\u00f3n del economista Federico Sturzenegger como titular del nuevo Ministerio de Desregulaci\u00f3n y Transformaci\u00f3n del Estado. El decreto 586\/2024, firmado por los siete ministros y el jefe de Gabinete Guillermo Francos, oficializa la nominaci\u00f3n. El presidente Javier Milei le dar\u00e1 formalmente posesi\u00f3n del cargo a Sturzenegger este viernes por [&hellip;]<\/p>\n","protected":false},"author":2,"featured_media":17002,"comment_status":"closed","ping_status":"open","sticky":false,"template":"","format":"standard","meta":{"footnotes":""},"categories":[8],"tags":[511],"class_list":{"0":"post-17035","1":"post","2":"type-post","3":"status-publish","4":"format-standard","5":"has-post-thumbnail","7":"category-nacionales","8":"tag-bloque-2"},"_links":{"self":[{"href":"https:\/\/zoomproducciones.com.ar\/zoomp\/wp-json\/wp\/v2\/posts\/17035","targetHints":{"allow":["GET"]}}],"collection":[{"href":"https:\/\/zoomproducciones.com.ar\/zoomp\/wp-json\/wp\/v2\/posts"}],"about":[{"href":"https:\/\/zoomproducciones.com.ar\/zoomp\/wp-json\/wp\/v2\/types\/post"}],"author":[{"embeddable":true,"href":"https:\/\/zoomproducciones.com.ar\/zoomp\/wp-json\/wp\/v2\/users\/2"}],"replies":[{"embeddable":true,"href":"https:\/\/zoomproducciones.com.ar\/zoomp\/wp-json\/wp\/v2\/comments?post=17035"}],"version-history":[{"count":1,"href":"https:\/\/zoomproducciones.com.ar\/zoomp\/wp-json\/wp\/v2\/posts\/17035\/revisions"}],"predecessor-version":[{"id":17036,"href":"https:\/\/zoomproducciones.com.ar\/zoomp\/wp-json\/wp\/v2\/posts\/17035\/revisions\/17036"}],"wp:featuredmedia":[{"embeddable":true,"href":"https:\/\/zoomproducciones.com.ar\/zoomp\/wp-json\/wp\/v2\/media\/17002"}],"wp:attachment":[{"href":"https:\/\/zoomproducciones.com.ar\/zoomp\/wp-json\/wp\/v2\/media?parent=17035"}],"wp:term":[{"taxonomy":"category","embeddable":true,"href":"https:\/\/zoomproducciones.com.ar\/zoomp\/wp-json\/wp\/v2\/categories?post=17035"},{"taxonomy":"post_tag","embeddable":true,"href":"https:\/\/zoomproducciones.com.ar\/zoomp\/wp-json\/wp\/v2\/tags?post=17035"}],"curies":[{"name":"wp","href":"https:\/\/api.w.org\/{rel}","templated":true}]}}