{"id":17019,"date":"2024-07-04T08:41:23","date_gmt":"2024-07-04T11:41:23","guid":{"rendered":"http:\/\/zoomproducciones.com.ar\/zoomp\/?p=17019"},"modified":"2024-07-04T08:41:47","modified_gmt":"2024-07-04T11:41:47","slug":"se-complica-la-situacion-de-maciel-gendarmeria-solicito-al-gobierno-de-corrientes-acceder-a-los-legajos-policiales","status":"publish","type":"post","link":"https:\/\/zoomproducciones.com.ar\/zoomp\/se-complica-la-situacion-de-maciel-gendarmeria-solicito-al-gobierno-de-corrientes-acceder-a-los-legajos-policiales\/","title":{"rendered":"Se complica la situaci\u00f3n de Maciel: Gendarmer\u00eda solicit\u00f3 al Gobierno de Corrientes acceder a los legajos policiales"},"content":{"rendered":"\n<p>La Gendarmer\u00eda Nacional, siguiendo una orden judicial, accedi\u00f3 este mi\u00e9rcoles a los legajos de personal policial de la comisar\u00eda de 9 de Julio, Corrientes, en el marco de la investigaci\u00f3n por la desaparici\u00f3n del ni\u00f1o Loan, desaparecido hace 20 d\u00edas.<\/p>\n\n\n\n<p>El Gobierno de Corrientes, luego de la solicitud judicial, entreg\u00f3 los legajos de los 39 efectivos que trabajan en la dependencia. Esta acci\u00f3n surgi\u00f3 luego de que la investigaci\u00f3n federal pusiera la lupa en algunos efectivos que participaron del rastrillaje y de las operaciones en busca del ni\u00f1o, entre ellos, el comisario Walter Maciel, actualmente detenido por encubrimiento.<\/p>\n\n\n\n<p>Las sospechas se basan en que los primeros peritajes, realizados por los efectivos de la comisar\u00eda, encontraron las zapatillas y huellas del ni\u00f1o, que luego fueron confirmadas por la Fiscal\u00eda Federal como plantadas en la escena del hallazgo.<\/p>\n\n\n\n<p>Adem\u00e1s, Maciel, quien estuvo a cargo de la b\u00fasqueda de Loan desde el primer d\u00eda, tambi\u00e9n enfrenta denuncias por abuso sexual, presentadas en agosto de 2019.<\/p>\n\n\n\n<p>En paralelo, el Superior Tribunal de Justicia de Corrientes entreg\u00f3 a la Fiscal\u00eda Federal de Goya y a la Procurador\u00eda de Trata y Explotaci\u00f3n de Personas el listado de material en resguardo y pericias gen\u00e9ticas confeccionado por el Instituto M\u00e9dico Forense.<\/p>\n\n\n\n<p>El tribunal tambi\u00e9n autoriz\u00f3 a los peritos del Instituto M\u00e9dico Forense a colaborar con la Justicia Federal en la investigaci\u00f3n. Esta medida busca optimizar los recursos y fortalecer la investigaci\u00f3n en el caso del ni\u00f1o desaparecido.<\/p>\n","protected":false},"excerpt":{"rendered":"<p>La Gendarmer\u00eda Nacional, siguiendo una orden judicial, accedi\u00f3 este mi\u00e9rcoles a los legajos de personal policial de la comisar\u00eda de 9 de Julio, Corrientes, en el marco de la investigaci\u00f3n por la desaparici\u00f3n del ni\u00f1o Loan, desaparecido hace 20 d\u00edas. El Gobierno de Corrientes, luego de la solicitud judicial, entreg\u00f3 los legajos de los 39 [&hellip;]<\/p>\n","protected":false},"author":2,"featured_media":16778,"comment_status":"closed","ping_status":"open","sticky":false,"template":"","format":"standard","meta":{"footnotes":""},"categories":[533],"tags":[534],"class_list":{"0":"post-17019","1":"post","2":"type-post","3":"status-publish","4":"format-standard","5":"has-post-thumbnail","7":"category-caso-loan","8":"tag-caso-loan"},"_links":{"self":[{"href":"https:\/\/zoomproducciones.com.ar\/zoomp\/wp-json\/wp\/v2\/posts\/17019","targetHints":{"allow":["GET"]}}],"collection":[{"href":"https:\/\/zoomproducciones.com.ar\/zoomp\/wp-json\/wp\/v2\/posts"}],"about":[{"href":"https:\/\/zoomproducciones.com.ar\/zoomp\/wp-json\/wp\/v2\/types\/post"}],"author":[{"embeddable":true,"href":"https:\/\/zoomproducciones.com.ar\/zoomp\/wp-json\/wp\/v2\/users\/2"}],"replies":[{"embeddable":true,"href":"https:\/\/zoomproducciones.com.ar\/zoomp\/wp-json\/wp\/v2\/comments?post=17019"}],"version-history":[{"count":1,"href":"https:\/\/zoomproducciones.com.ar\/zoomp\/wp-json\/wp\/v2\/posts\/17019\/revisions"}],"predecessor-version":[{"id":17020,"href":"https:\/\/zoomproducciones.com.ar\/zoomp\/wp-json\/wp\/v2\/posts\/17019\/revisions\/17020"}],"wp:featuredmedia":[{"embeddable":true,"href":"https:\/\/zoomproducciones.com.ar\/zoomp\/wp-json\/wp\/v2\/media\/16778"}],"wp:attachment":[{"href":"https:\/\/zoomproducciones.com.ar\/zoomp\/wp-json\/wp\/v2\/media?parent=17019"}],"wp:term":[{"taxonomy":"category","embeddable":true,"href":"https:\/\/zoomproducciones.com.ar\/zoomp\/wp-json\/wp\/v2\/categories?post=17019"},{"taxonomy":"post_tag","embeddable":true,"href":"https:\/\/zoomproducciones.com.ar\/zoomp\/wp-json\/wp\/v2\/tags?post=17019"}],"curies":[{"name":"wp","href":"https:\/\/api.w.org\/{rel}","templated":true}]}}