{"id":17015,"date":"2024-07-04T08:31:33","date_gmt":"2024-07-04T11:31:33","guid":{"rendered":"http:\/\/zoomproducciones.com.ar\/zoomp\/?p=17015"},"modified":"2024-07-04T08:31:33","modified_gmt":"2024-07-04T11:31:33","slug":"caram-renuncia-a-la-intendencia-de-mercedes-tras-ser-detenido-y-condenado","status":"publish","type":"post","link":"https:\/\/zoomproducciones.com.ar\/zoomp\/caram-renuncia-a-la-intendencia-de-mercedes-tras-ser-detenido-y-condenado\/","title":{"rendered":"Caram renuncia a la intendencia de Mercedes tras ser detenido y condenado"},"content":{"rendered":"\n<p>Diego Mart\u00edn Caram, intendente de la ciudad correntina de Mercedes, present\u00f3 su renuncia al cargo este mi\u00e9rcoles, seg\u00fan confirmaron fuentes oficiales. El jefe comunal se encuentra suspendido y detenido tras ser condenado a 7 a\u00f1os y 6 meses de prisi\u00f3n e inhabilitaci\u00f3n perpetua para ejercer cargos p\u00fablicos.<\/p>\n\n\n\n<p>La renuncia de Caram se produce luego de que el Poder Judicial ordenara su detenci\u00f3n el martes pasado, tras intentar retomar sus funciones en el municipio. El funcionario hab\u00eda sido condenado por los delitos de incumplimiento de los deberes de funcionario p\u00fablico, peculado y falsificaci\u00f3n de documentos p\u00fablicos agravada.<\/p>\n\n\n\n<p>Caram argument\u00f3 que sus actividades dentro del municipio respond\u00edan a una consulta hecha al Concejo Deliberante, donde se hab\u00eda confirmado que la suspensi\u00f3n era por 30 d\u00edas. Sin embargo, la concejal Ver\u00f3nica Quiroz de la UCR explic\u00f3 que la suspensi\u00f3n no ten\u00eda plazo, y que Caram fue advertido por el Tribunal Superior de Justicia de que no deb\u00eda realizar ninguna acci\u00f3n dentro del municipio.<\/p>\n\n\n\n<p>Se espera que el Concejo Deliberante trate la renuncia de Caram este jueves en una sesi\u00f3n convocada para las 11 de la ma\u00f1ana. Se especula que la renuncia podr\u00eda facilitar la recuperaci\u00f3n de su libertad, ya que se encuentra alojado en la Comisar\u00eda primera.<\/p>\n","protected":false},"excerpt":{"rendered":"<p>Diego Mart\u00edn Caram, intendente de la ciudad correntina de Mercedes, present\u00f3 su renuncia al cargo este mi\u00e9rcoles, seg\u00fan confirmaron fuentes oficiales. El jefe comunal se encuentra suspendido y detenido tras ser condenado a 7 a\u00f1os y 6 meses de prisi\u00f3n e inhabilitaci\u00f3n perpetua para ejercer cargos p\u00fablicos. La renuncia de Caram se produce luego de [&hellip;]<\/p>\n","protected":false},"author":2,"featured_media":16950,"comment_status":"closed","ping_status":"open","sticky":false,"template":"","format":"standard","meta":{"footnotes":""},"categories":[3],"tags":[511],"class_list":{"0":"post-17015","1":"post","2":"type-post","3":"status-publish","4":"format-standard","5":"has-post-thumbnail","7":"category-provinciales","8":"tag-bloque-2"},"_links":{"self":[{"href":"https:\/\/zoomproducciones.com.ar\/zoomp\/wp-json\/wp\/v2\/posts\/17015","targetHints":{"allow":["GET"]}}],"collection":[{"href":"https:\/\/zoomproducciones.com.ar\/zoomp\/wp-json\/wp\/v2\/posts"}],"about":[{"href":"https:\/\/zoomproducciones.com.ar\/zoomp\/wp-json\/wp\/v2\/types\/post"}],"author":[{"embeddable":true,"href":"https:\/\/zoomproducciones.com.ar\/zoomp\/wp-json\/wp\/v2\/users\/2"}],"replies":[{"embeddable":true,"href":"https:\/\/zoomproducciones.com.ar\/zoomp\/wp-json\/wp\/v2\/comments?post=17015"}],"version-history":[{"count":1,"href":"https:\/\/zoomproducciones.com.ar\/zoomp\/wp-json\/wp\/v2\/posts\/17015\/revisions"}],"predecessor-version":[{"id":17016,"href":"https:\/\/zoomproducciones.com.ar\/zoomp\/wp-json\/wp\/v2\/posts\/17015\/revisions\/17016"}],"wp:featuredmedia":[{"embeddable":true,"href":"https:\/\/zoomproducciones.com.ar\/zoomp\/wp-json\/wp\/v2\/media\/16950"}],"wp:attachment":[{"href":"https:\/\/zoomproducciones.com.ar\/zoomp\/wp-json\/wp\/v2\/media?parent=17015"}],"wp:term":[{"taxonomy":"category","embeddable":true,"href":"https:\/\/zoomproducciones.com.ar\/zoomp\/wp-json\/wp\/v2\/categories?post=17015"},{"taxonomy":"post_tag","embeddable":true,"href":"https:\/\/zoomproducciones.com.ar\/zoomp\/wp-json\/wp\/v2\/tags?post=17015"}],"curies":[{"name":"wp","href":"https:\/\/api.w.org\/{rel}","templated":true}]}}