{"id":17000,"date":"2024-07-04T08:18:03","date_gmt":"2024-07-04T11:18:03","guid":{"rendered":"http:\/\/zoomproducciones.com.ar\/zoomp\/?p=17000"},"modified":"2024-07-04T08:18:04","modified_gmt":"2024-07-04T11:18:04","slug":"milei-lanza-plan-nacional-de-alfabetizacion-en-san-juan-en-la-previa-al-pacto-de-mayo","status":"publish","type":"post","link":"https:\/\/zoomproducciones.com.ar\/zoomp\/milei-lanza-plan-nacional-de-alfabetizacion-en-san-juan-en-la-previa-al-pacto-de-mayo\/","title":{"rendered":"Milei lanza Plan Nacional de Alfabetizaci\u00f3n en San Juan, en la previa al Pacto de Mayo"},"content":{"rendered":"\n<p>El presidente Javier Milei encabezar\u00e1 este mi\u00e9rcoles a las 10:30 en San Juan el acto de presentaci\u00f3n del Plan Nacional de Alfabetizaci\u00f3n, junto a la ministra de Capital Humano, Sandra Pettovello.<\/p>\n\n\n\n<p>El acto contar\u00e1 con la presencia de autoridades como el secretario de Educaci\u00f3n, Carlos Torrendell, el vocero presidencial, Manuel Adorni, la secretaria General de la Presidencia, Karina Milei, el titular de la C\u00e1mara de Diputados, Mart\u00edn Menem, y el gobernador de San Juan, Marcelo Orrego, entre otros.<\/p>\n\n\n\n<p>El Plan Nacional de Alfabetizaci\u00f3n, elaborado con el acuerdo un\u00e1nime de las 24 provincias, busca \u00abvolver a lo fundamental: q<strong>ue los chicos aprendan efectivamente en el aula a leer, escribir y comprender textos,<\/strong> de acuerdo con su edad\u00bb, seg\u00fan explicaron desde la Secretar\u00eda de Educaci\u00f3n.<\/p>\n\n\n\n<p>Este lanzamiento se produce en la previa al Pacto de Mayo, un evento que busca generar un acuerdo de unidad nacional, y se presenta como una de las primeras acciones concretas del Gobierno para abordar la problem\u00e1tica educativa.<\/p>\n","protected":false},"excerpt":{"rendered":"<p>El presidente Javier Milei encabezar\u00e1 este mi\u00e9rcoles a las 10:30 en San Juan el acto de presentaci\u00f3n del Plan Nacional de Alfabetizaci\u00f3n, junto a la ministra de Capital Humano, Sandra Pettovello. El acto contar\u00e1 con la presencia de autoridades como el secretario de Educaci\u00f3n, Carlos Torrendell, el vocero presidencial, Manuel Adorni, la secretaria General de [&hellip;]<\/p>\n","protected":false},"author":2,"featured_media":17003,"comment_status":"closed","ping_status":"open","sticky":false,"template":"","format":"standard","meta":{"footnotes":""},"categories":[8],"tags":[511],"class_list":{"0":"post-17000","1":"post","2":"type-post","3":"status-publish","4":"format-standard","5":"has-post-thumbnail","7":"category-nacionales","8":"tag-bloque-2"},"_links":{"self":[{"href":"https:\/\/zoomproducciones.com.ar\/zoomp\/wp-json\/wp\/v2\/posts\/17000","targetHints":{"allow":["GET"]}}],"collection":[{"href":"https:\/\/zoomproducciones.com.ar\/zoomp\/wp-json\/wp\/v2\/posts"}],"about":[{"href":"https:\/\/zoomproducciones.com.ar\/zoomp\/wp-json\/wp\/v2\/types\/post"}],"author":[{"embeddable":true,"href":"https:\/\/zoomproducciones.com.ar\/zoomp\/wp-json\/wp\/v2\/users\/2"}],"replies":[{"embeddable":true,"href":"https:\/\/zoomproducciones.com.ar\/zoomp\/wp-json\/wp\/v2\/comments?post=17000"}],"version-history":[{"count":1,"href":"https:\/\/zoomproducciones.com.ar\/zoomp\/wp-json\/wp\/v2\/posts\/17000\/revisions"}],"predecessor-version":[{"id":17009,"href":"https:\/\/zoomproducciones.com.ar\/zoomp\/wp-json\/wp\/v2\/posts\/17000\/revisions\/17009"}],"wp:featuredmedia":[{"embeddable":true,"href":"https:\/\/zoomproducciones.com.ar\/zoomp\/wp-json\/wp\/v2\/media\/17003"}],"wp:attachment":[{"href":"https:\/\/zoomproducciones.com.ar\/zoomp\/wp-json\/wp\/v2\/media?parent=17000"}],"wp:term":[{"taxonomy":"category","embeddable":true,"href":"https:\/\/zoomproducciones.com.ar\/zoomp\/wp-json\/wp\/v2\/categories?post=17000"},{"taxonomy":"post_tag","embeddable":true,"href":"https:\/\/zoomproducciones.com.ar\/zoomp\/wp-json\/wp\/v2\/tags?post=17000"}],"curies":[{"name":"wp","href":"https:\/\/api.w.org\/{rel}","templated":true}]}}