{"id":16999,"date":"2024-07-04T08:18:06","date_gmt":"2024-07-04T11:18:06","guid":{"rendered":"http:\/\/zoomproducciones.com.ar\/zoomp\/?p=16999"},"modified":"2024-07-05T08:38:35","modified_gmt":"2024-07-05T11:38:35","slug":"francos-confirma-inminente-nombramiento-de-sturzenegger-en-un-nuevo-ministerio","status":"publish","type":"post","link":"https:\/\/zoomproducciones.com.ar\/zoomp\/francos-confirma-inminente-nombramiento-de-sturzenegger-en-un-nuevo-ministerio\/","title":{"rendered":"Francos confirma inminente nombramiento de Sturzenegger en un nuevo Ministerio"},"content":{"rendered":"\n<p>El jefe de Gabinete, Guillermo Francos, confirm\u00f3 este martes que<strong> el economista Federico Sturzenegger estar\u00e1 al frente de un nuevo Ministerio<\/strong> en los pr\u00f3ximos d\u00edas, con el objetivo de continuar con las tareas de desregulaci\u00f3n del Estado.<\/p>\n\n\n\n<p>El nombramiento, que se concretar\u00eda este viernes o a principios de la semana pr\u00f3xima, se realizar\u00e1 a trav\u00e9s de un DNU. La nueva cartera, a\u00fan sin nombre definid<strong>o, se encargar\u00e1 de implementar las pol\u00edticas de desregulaci\u00f3n impulsadas por el Gobierno<\/strong>, incluyendo la Ley de Bases, de la cual Sturzenegger es autor.<\/p>\n\n\n\n<p>En respuesta a la reciente volatilidad en el mercado, marcada por la subida del d\u00f3lar blue y el riesgo pa\u00eds, Francos asegur\u00f3 que <strong>el rumbo econ\u00f3mico del Gobierno no cambiar\u00e1 y que se mantendr\u00e1 firme en los ejes centrales de su gesti\u00f3n:<\/strong> la desregulaci\u00f3n, la reducci\u00f3n del gasto p\u00fablico y la estabilidad macroecon\u00f3mica.<\/p>\n\n\n\n<p>\u00abEl Gobierno no ha cambiado su posici\u00f3n\u00bb, afirm\u00f3 Francos, descartando que la reciente turbulencia en el mercado haya modificado el plan de acci\u00f3n del Gobierno.<\/p>\n\n\n\n<p>Francos tambi\u00e9n destac\u00f3 la importancia de la Ley de Bases, ya sancionada, para la reactivaci\u00f3n econ\u00f3mica, y afirm\u00f3 que<strong> el Presidente Milei est\u00e1 comprometido con su r\u00e1pida reglamentaci\u00f3n.<\/strong><\/p>\n\n\n\n<p>Respecto al Pacto de Mayo, a ser firmado en Tucum\u00e1n el pr\u00f3ximo lunes, Francos expres\u00f3 su lamento por la ausencia de algunos gobernadores, se\u00f1alando qu<strong>e la oposici\u00f3n \u00abno comprende la necesidad que expresa el pueblo\u00bb<\/strong>. El Pacto de Mayo, seg\u00fan Francos, representa un s\u00edmbolo de unidad nacional y un nuevo comienzo para el pa\u00eds.<\/p>\n","protected":false},"excerpt":{"rendered":"<p>El jefe de Gabinete, Guillermo Francos, confirm\u00f3 este martes que el economista Federico Sturzenegger estar\u00e1 al frente de un nuevo Ministerio en los pr\u00f3ximos d\u00edas, con el objetivo de continuar con las tareas de desregulaci\u00f3n del Estado. El nombramiento, que se concretar\u00eda este viernes o a principios de la semana pr\u00f3xima, se realizar\u00e1 a trav\u00e9s [&hellip;]<\/p>\n","protected":false},"author":2,"featured_media":17002,"comment_status":"closed","ping_status":"open","sticky":false,"template":"","format":"standard","meta":{"footnotes":""},"categories":[8],"tags":[],"class_list":{"0":"post-16999","1":"post","2":"type-post","3":"status-publish","4":"format-standard","5":"has-post-thumbnail","7":"category-nacionales"},"_links":{"self":[{"href":"https:\/\/zoomproducciones.com.ar\/zoomp\/wp-json\/wp\/v2\/posts\/16999","targetHints":{"allow":["GET"]}}],"collection":[{"href":"https:\/\/zoomproducciones.com.ar\/zoomp\/wp-json\/wp\/v2\/posts"}],"about":[{"href":"https:\/\/zoomproducciones.com.ar\/zoomp\/wp-json\/wp\/v2\/types\/post"}],"author":[{"embeddable":true,"href":"https:\/\/zoomproducciones.com.ar\/zoomp\/wp-json\/wp\/v2\/users\/2"}],"replies":[{"embeddable":true,"href":"https:\/\/zoomproducciones.com.ar\/zoomp\/wp-json\/wp\/v2\/comments?post=16999"}],"version-history":[{"count":1,"href":"https:\/\/zoomproducciones.com.ar\/zoomp\/wp-json\/wp\/v2\/posts\/16999\/revisions"}],"predecessor-version":[{"id":17010,"href":"https:\/\/zoomproducciones.com.ar\/zoomp\/wp-json\/wp\/v2\/posts\/16999\/revisions\/17010"}],"wp:featuredmedia":[{"embeddable":true,"href":"https:\/\/zoomproducciones.com.ar\/zoomp\/wp-json\/wp\/v2\/media\/17002"}],"wp:attachment":[{"href":"https:\/\/zoomproducciones.com.ar\/zoomp\/wp-json\/wp\/v2\/media?parent=16999"}],"wp:term":[{"taxonomy":"category","embeddable":true,"href":"https:\/\/zoomproducciones.com.ar\/zoomp\/wp-json\/wp\/v2\/categories?post=16999"},{"taxonomy":"post_tag","embeddable":true,"href":"https:\/\/zoomproducciones.com.ar\/zoomp\/wp-json\/wp\/v2\/tags?post=16999"}],"curies":[{"name":"wp","href":"https:\/\/api.w.org\/{rel}","templated":true}]}}