{"id":16996,"date":"2024-07-03T19:37:06","date_gmt":"2024-07-03T22:37:06","guid":{"rendered":"http:\/\/zoomproducciones.com.ar\/zoomp\/?p=16996"},"modified":"2024-07-03T19:37:07","modified_gmt":"2024-07-03T22:37:07","slug":"abogada-de-la-prima-del-nino-afirmo-que-a-loan-se-lo-llevaron","status":"publish","type":"post","link":"https:\/\/zoomproducciones.com.ar\/zoomp\/abogada-de-la-prima-del-nino-afirmo-que-a-loan-se-lo-llevaron\/","title":{"rendered":"Abogada de la prima del ni\u00f1o afirm\u00f3 que \u00bba Loan se lo llevaron\u00bb"},"content":{"rendered":"\n<p>A la salida de la reconstrucci\u00f3n del caso, la abogada Elizabeth Cutoia, representante de la prima de Loan, brind\u00f3 una conferencia de prensa en la que dio detalles del recorrido en la zona.<\/p>\n\n\n\n<p>Cutoia afirm\u00f3 contundentemente:<strong> \u00abA Loan se lo llevaron, no se perdi\u00f3 y tampoco tuvo un accidente\u00bb.<\/strong> Desde el inicio, la abogada sostiene que se trata de un caso de trata de personas. <strong>\u00abVa a pagar cada uno que est\u00e1 involucrado en esto\u00bb, asegur\u00f3 con firmeza.<\/strong><\/p>\n\n\n\n<p>En cuanto a la situaci\u00f3n emocional de los familiares, Cutoia describi\u00f3: \u00abCamila est\u00e1 mal, muy angustiada. La nena tambi\u00e9n, se pone triste; por ratos recuerda\u00bb. Adem\u00e1s, mencion\u00f3 un detalle significativo: <strong>\u00abCamila vio a Laudelina hablando por tel\u00e9fono atr\u00e1s de un \u00e1rbol\u00bb.<\/strong><\/p>\n\n\n\n<p>La abogada tambi\u00e9n enfatiz\u00f3 que no existe posibilidad alguna de que Loan se haya perdido: \u00abNo hay ning\u00fan lugar en el que Loan se pueda haber perdido\u00bb. Finalmente, comparti\u00f3 una frase que refleja la inocencia de los ni\u00f1os involucrados en el caso: <strong>\u00ab&#8216;Me voy a llevar una naranja a mi pap\u00e1&#8217;, dicen los nenes que Loan les dijo\u00bb.<\/strong><\/p>\n\n\n\n<p>La conferencia dej\u00f3 en claro la gravedad de la situaci\u00f3n y la determinaci\u00f3n de la familia y sus representantes legales para encontrar justicia.<\/p>\n\n\n\n<p>Fuente: TN.<\/p>\n","protected":false},"excerpt":{"rendered":"<p>A la salida de la reconstrucci\u00f3n del caso, la abogada Elizabeth Cutoia, representante de la prima de Loan, brind\u00f3 una conferencia de prensa en la que dio detalles del recorrido en la zona. Cutoia afirm\u00f3 contundentemente: \u00abA Loan se lo llevaron, no se perdi\u00f3 y tampoco tuvo un accidente\u00bb. Desde el inicio, la abogada sostiene [&hellip;]<\/p>\n","protected":false},"author":2,"featured_media":16997,"comment_status":"closed","ping_status":"open","sticky":false,"template":"","format":"standard","meta":{"footnotes":""},"categories":[533],"tags":[534],"class_list":{"0":"post-16996","1":"post","2":"type-post","3":"status-publish","4":"format-standard","5":"has-post-thumbnail","7":"category-caso-loan","8":"tag-caso-loan"},"_links":{"self":[{"href":"https:\/\/zoomproducciones.com.ar\/zoomp\/wp-json\/wp\/v2\/posts\/16996","targetHints":{"allow":["GET"]}}],"collection":[{"href":"https:\/\/zoomproducciones.com.ar\/zoomp\/wp-json\/wp\/v2\/posts"}],"about":[{"href":"https:\/\/zoomproducciones.com.ar\/zoomp\/wp-json\/wp\/v2\/types\/post"}],"author":[{"embeddable":true,"href":"https:\/\/zoomproducciones.com.ar\/zoomp\/wp-json\/wp\/v2\/users\/2"}],"replies":[{"embeddable":true,"href":"https:\/\/zoomproducciones.com.ar\/zoomp\/wp-json\/wp\/v2\/comments?post=16996"}],"version-history":[{"count":1,"href":"https:\/\/zoomproducciones.com.ar\/zoomp\/wp-json\/wp\/v2\/posts\/16996\/revisions"}],"predecessor-version":[{"id":16998,"href":"https:\/\/zoomproducciones.com.ar\/zoomp\/wp-json\/wp\/v2\/posts\/16996\/revisions\/16998"}],"wp:featuredmedia":[{"embeddable":true,"href":"https:\/\/zoomproducciones.com.ar\/zoomp\/wp-json\/wp\/v2\/media\/16997"}],"wp:attachment":[{"href":"https:\/\/zoomproducciones.com.ar\/zoomp\/wp-json\/wp\/v2\/media?parent=16996"}],"wp:term":[{"taxonomy":"category","embeddable":true,"href":"https:\/\/zoomproducciones.com.ar\/zoomp\/wp-json\/wp\/v2\/categories?post=16996"},{"taxonomy":"post_tag","embeddable":true,"href":"https:\/\/zoomproducciones.com.ar\/zoomp\/wp-json\/wp\/v2\/tags?post=16996"}],"curies":[{"name":"wp","href":"https:\/\/api.w.org\/{rel}","templated":true}]}}